{"id":5104,"date":"2019-03-28T17:05:35","date_gmt":"2019-03-28T21:05:35","guid":{"rendered":"http:\/\/www.walkerglass.com\/?p=5104"},"modified":"2020-09-15T17:59:51","modified_gmt":"2020-09-15T21:59:51","slug":"le-verre-surdimensionne-et-son-evolution-le-point-de-vue-de-linstallateur","status":"publish","type":"post","link":"https:\/\/www.walkerglass.com\/fr\/blogue\/le-verre-surdimensionne-et-son-evolution-le-point-de-vue-de-linstallateur\/","title":{"rendered":"Le verre surdimensionn\u00e9 et son \u00e9volution &#8211; Le point de vue de l\u2019installateur"},"content":{"rendered":"\t\t<div class=\"et_pb_section et_pb_with_background et_section_regular breadcrumbs_section\">\n\t\t\t<div class=\" et_pb_row breadcrumbs_row\">\n\t\t\t\t<div class=\"et_pb_column et_pb_column_4_4 breadcrumbs_column\">\n\t\t\t\t\t<div class=\"et_pb_code et_pb_module breadcrumbs_module\">\n\t\t\t\t\t\t<span><span>Accueil<\/span><\/span>\t\t\t\t\t<\/div> <!-- .et_pb_code -->\n\t\t\t\t<\/div> <!-- .et_pb_column -->\n\t\t\t<\/div> <!-- .et_pb_row -->\n\t\t<\/div>\n\t\t<p>[et_pb_section bb_built=\u00a0\u00bb1&Prime;][et_pb_row][et_pb_column type=\u00a0\u00bb4_4&Prime;][et_pb_text _builder_version=\u00a0\u00bb3.20.1&Prime;]<\/p>\n<p><strong>La troisi\u00e8me de trois chroniques sur cette tendance GRANDISSANTE. Les articles pr\u00e9c\u00e9dents de cette s\u00e9rie sur le verre surdimensionn\u00e9 ont couvert les points de vue de l&rsquo;architecte et du transformateur en ce qui concerne la tendance grandissante en mati\u00e8re de verre surdimensionn\u00e9 ou \u00ab jumbo \u00bb. Les individus installant ces volumineux morceaux de verre en place ont aussi une opinion sur le sujet. Les installateurs en fenestration ont de nombreuses responsabilit\u00e9s en ce qui concerne la finition de l&rsquo;enveloppe du b\u00e2timent. Une des plus importantes est la manipulation du verre. Dans le cas du verre surdimensionn\u00e9, mener \u00e0 bien cette performance exerce une pression constante sur les \u00e9paules de l\u2019installateur.<\/strong><\/p>\n<p>\u00c0 ce stade, le transformateur a pris ces gigantesques feuilles de verre, les a coup\u00e9es et les a ensuite converties en unit\u00e9s scell\u00e9es ou en morceaux monolithiques. Ensuite vient le tour de l\u2019installateur, man\u0153uvrant ces immenses et tr\u00e8s lourds morceaux de verre \u00e0 partir d\u2019un support appropri\u00e9 ou d\u2019une caisse, dans un encadrement de fen\u00eatre d\u2019un b\u00e2timent.<\/p>\n<p>Selon Paul Robinson de Pioneer Cladding and Glazing Systems, il y a plusieurs facteurs \u00e0 prendre en consid\u00e9ration lors de l\u2019installation.<\/p>\n<p>\u00ab Nous devons commencer par d\u00e9terminer si nous avons besoin d&rsquo;une attention particuli\u00e8re au niveau du d\u00e9chargement, du stockage et de la manutention. Avons-nous besoin d&rsquo;\u00e9quipements de plus grande envergure, tel que de plus gros chariots \u00e9l\u00e9vateurs et de plus grandes ventouses? Parfois, l&rsquo;\u00e9quipement quotidien que nous utilisons peut fonctionner, mais ce n\u2019est pas toujours le cas. En fin de compte, la s\u00e9curit\u00e9 reste primordiale, donc par exc\u00e8s de prudence nous ne prenons pas de risques non n\u00e9cessaires. \u00ab\u00a0<\/p>\n<p>Jeff Kirby de Precision Glass a corrobor\u00e9 des sentiments similaires. :<\/p>\n<p>\u00ab Nul doute que la s\u00e9curit\u00e9 est fondamentale. Avec la croissance en popularit\u00e9 des produits surdimensionn\u00e9s, nous devons nous assurer que nos \u00e9quipements peuvent les man\u0153uvrer, sinon nous devons utiliser des machines qui le peuvent. Lentement mais s\u00fbrement, il nous est possible d\u2019acqu\u00e9rir un plus grand nombre d\u2019\u00e9quipements haute performance couvrant tous les aspects de nos activit\u00e9s, mais cela reste un travail en cours. \u00bb<\/p>\n<p>En ce qui concerne les besoins de conception d\u2019\u00e9quipements, l\u2019industrie du verre s\u2019actualise. Lors de la conf\u00e9rence de la National Glass Association en automne 2018, l&rsquo;un des sujets principaux \u00e9tait \u00ab Le verre de taille surdimensionn\u00e9 &#8211; pouvez-vous le manipuler \u00bb et, lors de cette pr\u00e9sentation, les installateurs ont \u00e9t\u00e9 inform\u00e9s des nouveaux \u00e9quipements et tactiques qu&rsquo;ils peuvent utiliser pour travailler avec des tailles de verre jumbo. Les points cl\u00e9s concernaient tous la planification comme suit:<\/p>\n<ul>\n<li>S&rsquo;agit-il de b\u00e2timents \u00e0 un ou plusieurs \u00e9tages?<\/li>\n<li>Que se passe-t-il si le b\u00e2timent est construit avec un surplomb?<\/li>\n<li>Quel \u00e9quipement \u00e9l\u00e9vateur sera utilis\u00e9?<\/li>\n<li>Comment le verre est-il livr\u00e9?<\/li>\n<li>Comment le verre est-il install\u00e9?<\/li>\n<\/ul>\n<p>\u00a0<\/p>\n<p>En plus de ces consid\u00e9rations, Robinson a ajout\u00e9 :<\/p>\n<p>\u00ab Est-ce qu\u2019il y aurait un stockage d\u2019inventaire? Si n\u00e9cessaire, o\u00f9 stocker, et les propri\u00e9taires peuvent-ils m\u00eame stocker leur propre inventaire? Le stockage hors site doit-il \u00eatre pris en compte \/ inclus? Aussi, le remplacement du verre, ces pi\u00e8ces peuvent avoir un co\u00fbt \u00e9lev\u00e9 et un long d\u00e9lai de livraison. \u00cates-vous pr\u00eat et avez-vous pr\u00e9vu tout cela? \u201d<\/p>\n<p>Au-del\u00e0 de ces consid\u00e9rations, l&rsquo;\u00e9quipe d&rsquo;architectes et l&rsquo;entrepreneur g\u00e9n\u00e9ral doivent \u00e9galement s\u2019entendre pour que l\u2019installateur en vitrage puisse effectuer son travail. Robinson explique en d\u00e9tail :<\/p>\n<p>\u00ab Des \u00e9l\u00e9ments tels que les futurs locataires qui am\u00e9nagent leurs locaux \u2026 comment approvisionner le b\u00e2timent en meubles, etc. Lors du retrait d&rsquo;une feuille de verre, laissez une seule baie par \u00e9tage (\u00e0 l&rsquo;endroit le moins visible) qui est vitr\u00e9 avec certaines unit\u00e9s plus petites. Ces unit\u00e9s peuvent \u00eatre plus facilement enlev\u00e9es et \u00ab re-vitr\u00e9es \u00bb. Lorsqu&rsquo;une tr\u00e8s grande feuille de verre doit \u00eatre enlev\u00e9e pour stocker un b\u00e2timent, le co\u00fbt et les risques sont \u00e9galement \u00e9normes\u2026 retirer une feuille de verre plus petite permettrait par exemple de stocker les planchers, mais par contre, avec beaucoup moins de risques et de co\u00fbts. \u201d<\/p>\n<p>Apr\u00e8s avoir r\u00e9fl\u00e9chi \u00e0 tout ce qui pr\u00e9c\u00e8de, nous avons demand\u00e9 \u00e0 Robinson quels conseils donnerait-il au concepteur sur la mani\u00e8re de rendre un travail surdimensionn\u00e9 plus efficace au moment de l\u2019installation.<\/p>\n<p>\u00ab Je sugg\u00e8rerais de cr\u00e9er des b\u00e2timents avec des morceaux de verre ayant des tailles communes autant que possible. De grandes unit\u00e9s signifient moins d&rsquo;unit\u00e9s, par contre il est difficile de d\u00e9terminer quelle taille, le cas \u00e9ch\u00e9ant, vous souhaiteriez commander des feuilles de verre en extras. Si la m\u00eame taille se r\u00e9p\u00e8te souvent, vous serez plus susceptible de commander quelques extras de cette dimension typique. \u00ab\u00a0<\/p>\n<p>La tendance au niveau du verre surdimensionn\u00e9 continuera de cro\u00eetre et les conclusions que nous avons trouv\u00e9es dans cet article montrent que la communication et la planification sont d\u00e9terminantes pour la conception, la production et l&rsquo;installation de ces \u00e9l\u00e9ments les plus fondamentaux. Ce n\u2019est que gr\u00e2ce aux efforts concert\u00e9s faits par toutes les parties de la cha\u00eene d&rsquo;approvisionnement que le processus est vraiment optimis\u00e9.<\/p>\n<p>[\/et_pb_text][\/et_pb_column][\/et_pb_row][\/et_pb_section]<\/p>\n","protected":false},"excerpt":{"rendered":"<p><div class=\"et_pb_row et_pb_row_0 et_pb_row_empty\">\n\t\t\t\t\n\t\t\t\t\n\t\t\t\t\n\t\t\t\t\n\t\t\t\t\n\t\t\t<\/div> La troisi\u00e8me de trois chroniques sur cette tendance GRANDISSANTE. Les articles pr\u00e9c\u00e9dents de cette s\u00e9rie sur le verre surdimensionn\u00e9 ont couvert les points de vue de l&rsquo;architecte et du transformateur en ce qui concerne la tendance grandissante en mati\u00e8re de verre surdimensionn\u00e9 ou \u00ab jumbo \u00bb. Les individus installant ces volumineux morceaux de verre [&hellip;]<\/p>\n","protected":false},"author":5,"featured_media":5102,"comment_status":"closed","ping_status":"open","sticky":false,"template":"","format":"standard","meta":{"_acf_changed":false,"_et_pb_use_builder":"on","_et_pb_old_content":"","_et_gb_content_width":"","footnotes":""},"articles-subject":[446,208],"class_list":["post-5104","post","type-post","status-publish","format-standard","has-post-thumbnail","hentry","articles-subject-application-exterieure","articles-subject-verre-depoli-a-lacide"],"acf":[],"yoast_head":"<!-- This site is optimized with the Yoast SEO plugin v27.5 - https:\/\/yoast.com\/product\/yoast-seo-wordpress\/ -->\n<title>Le verre surdimensionn\u00e9 et son \u00e9volution - Le point de vue de l\u2019installateur | Verrerie Walker<\/title>\n<meta name=\"description\" content=\"Le verre surdimensionn\u00e9 et son \u00e9volution - Le point de vue de l\u2019installateur : Bonne lecture sur notre blog !\" \/>\n<meta name=\"robots\" content=\"index, follow, max-snippet:-1, max-image-preview:large, max-video-preview:-1\" \/>\n<link rel=\"canonical\" href=\"https:\/\/www.walkerglass.com\/fr\/le-verre-surdimensionne-et-son-evolution-le-point-de-vue-de-linstallateur\/\" \/>\n<meta property=\"og:locale\" content=\"fr_FR\" \/>\n<meta property=\"og:type\" content=\"article\" \/>\n<meta property=\"og:title\" content=\"Le verre surdimensionn\u00e9 et son \u00e9volution - Le point de vue de l\u2019installateur | Verrerie Walker\" \/>\n<meta property=\"og:description\" content=\"Le verre surdimensionn\u00e9 et son \u00e9volution - Le point de vue de l\u2019installateur : Bonne lecture sur notre blog !\" \/>\n<meta property=\"og:url\" content=\"https:\/\/www.walkerglass.com\/fr\/le-verre-surdimensionne-et-son-evolution-le-point-de-vue-de-linstallateur\/\" \/>\n<meta property=\"og:site_name\" content=\"Verrerie Walker\" \/>\n<meta property=\"article:publisher\" content=\"https:\/\/www.facebook.com\/WalkerGlassCo\/\" \/>\n<meta property=\"article:published_time\" content=\"2019-03-28T21:05:35+00:00\" \/>\n<meta property=\"article:modified_time\" content=\"2020-09-15T21:59:51+00:00\" \/>\n<meta property=\"og:image\" content=\"https:\/\/www.walkerglass.com\/wp-content\/uploads\/2019\/03\/oversize-header-body-4.jpg\" \/>\n\t<meta property=\"og:image:width\" content=\"1075\" \/>\n\t<meta property=\"og:image:height\" content=\"768\" \/>\n\t<meta property=\"og:image:type\" content=\"image\/jpeg\" \/>\n<meta name=\"author\" content=\"danik\" \/>\n<meta name=\"twitter:card\" content=\"summary_large_image\" \/>\n<meta name=\"twitter:creator\" content=\"@WalkerTextures\" \/>\n<meta name=\"twitter:site\" content=\"@WalkerTextures\" \/>\n<meta name=\"twitter:label1\" content=\"\u00c9crit par\" \/>\n\t<meta name=\"twitter:data1\" content=\"danik\" \/>\n\t<meta name=\"twitter:label2\" content=\"Dur\u00e9e de lecture estim\u00e9e\" \/>\n\t<meta name=\"twitter:data2\" content=\"5 minutes\" \/>\n<script type=\"application\/ld+json\" class=\"yoast-schema-graph\">{\"@context\":\"https:\\\/\\\/schema.org\",\"@graph\":[{\"@type\":\"Article\",\"@id\":\"https:\\\/\\\/www.walkerglass.com\\\/fr\\\/le-verre-surdimensionne-et-son-evolution-le-point-de-vue-de-linstallateur\\\/#article\",\"isPartOf\":{\"@id\":\"https:\\\/\\\/www.walkerglass.com\\\/fr\\\/le-verre-surdimensionne-et-son-evolution-le-point-de-vue-de-linstallateur\\\/\"},\"author\":{\"name\":\"danik\",\"@id\":\"https:\\\/\\\/www.walkerglass.com\\\/#\\\/schema\\\/person\\\/ed479110376a8a2d01e15550aada87c7\"},\"headline\":\"Le verre surdimensionn\u00e9 et son \u00e9volution &#8211; Le point de vue de l\u2019installateur\",\"datePublished\":\"2019-03-28T21:05:35+00:00\",\"dateModified\":\"2020-09-15T21:59:51+00:00\",\"mainEntityOfPage\":{\"@id\":\"https:\\\/\\\/www.walkerglass.com\\\/fr\\\/le-verre-surdimensionne-et-son-evolution-le-point-de-vue-de-linstallateur\\\/\"},\"wordCount\":929,\"publisher\":{\"@id\":\"https:\\\/\\\/www.walkerglass.com\\\/#organization\"},\"image\":{\"@id\":\"https:\\\/\\\/www.walkerglass.com\\\/fr\\\/le-verre-surdimensionne-et-son-evolution-le-point-de-vue-de-linstallateur\\\/#primaryimage\"},\"thumbnailUrl\":\"https:\\\/\\\/www.walkerglass.com\\\/wp-content\\\/uploads\\\/2019\\\/03\\\/oversize-header-body-4.jpg\",\"inLanguage\":\"fr-FR\"},{\"@type\":\"WebPage\",\"@id\":\"https:\\\/\\\/www.walkerglass.com\\\/fr\\\/le-verre-surdimensionne-et-son-evolution-le-point-de-vue-de-linstallateur\\\/\",\"url\":\"https:\\\/\\\/www.walkerglass.com\\\/fr\\\/le-verre-surdimensionne-et-son-evolution-le-point-de-vue-de-linstallateur\\\/\",\"name\":\"Le verre surdimensionn\u00e9 et son \u00e9volution - Le point de vue de l\u2019installateur | Verrerie Walker\",\"isPartOf\":{\"@id\":\"https:\\\/\\\/www.walkerglass.com\\\/#website\"},\"primaryImageOfPage\":{\"@id\":\"https:\\\/\\\/www.walkerglass.com\\\/fr\\\/le-verre-surdimensionne-et-son-evolution-le-point-de-vue-de-linstallateur\\\/#primaryimage\"},\"image\":{\"@id\":\"https:\\\/\\\/www.walkerglass.com\\\/fr\\\/le-verre-surdimensionne-et-son-evolution-le-point-de-vue-de-linstallateur\\\/#primaryimage\"},\"thumbnailUrl\":\"https:\\\/\\\/www.walkerglass.com\\\/wp-content\\\/uploads\\\/2019\\\/03\\\/oversize-header-body-4.jpg\",\"datePublished\":\"2019-03-28T21:05:35+00:00\",\"dateModified\":\"2020-09-15T21:59:51+00:00\",\"description\":\"Le verre surdimensionn\u00e9 et son \u00e9volution - Le point de vue de l\u2019installateur : Bonne lecture sur notre blog !\",\"breadcrumb\":{\"@id\":\"https:\\\/\\\/www.walkerglass.com\\\/fr\\\/le-verre-surdimensionne-et-son-evolution-le-point-de-vue-de-linstallateur\\\/#breadcrumb\"},\"inLanguage\":\"fr-FR\",\"potentialAction\":[{\"@type\":\"ReadAction\",\"target\":[\"https:\\\/\\\/www.walkerglass.com\\\/fr\\\/le-verre-surdimensionne-et-son-evolution-le-point-de-vue-de-linstallateur\\\/\"]}]},{\"@type\":\"ImageObject\",\"inLanguage\":\"fr-FR\",\"@id\":\"https:\\\/\\\/www.walkerglass.com\\\/fr\\\/le-verre-surdimensionne-et-son-evolution-le-point-de-vue-de-linstallateur\\\/#primaryimage\",\"url\":\"https:\\\/\\\/www.walkerglass.com\\\/wp-content\\\/uploads\\\/2019\\\/03\\\/oversize-header-body-4.jpg\",\"contentUrl\":\"https:\\\/\\\/www.walkerglass.com\\\/wp-content\\\/uploads\\\/2019\\\/03\\\/oversize-header-body-4.jpg\",\"width\":1075,\"height\":768},{\"@type\":\"BreadcrumbList\",\"@id\":\"https:\\\/\\\/www.walkerglass.com\\\/fr\\\/le-verre-surdimensionne-et-son-evolution-le-point-de-vue-de-linstallateur\\\/#breadcrumb\",\"itemListElement\":[{\"@type\":\"ListItem\",\"position\":1,\"name\":\"Accueil\"},{\"@type\":\"ListItem\",\"position\":2,\"name\":\"Le verre surdimensionn\u00e9 et son \u00e9volution &#8211; Le point de vue de l\u2019installateur\"}]},{\"@type\":\"WebSite\",\"@id\":\"https:\\\/\\\/www.walkerglass.com\\\/#website\",\"url\":\"https:\\\/\\\/www.walkerglass.com\\\/\",\"name\":\"Verrerie Walker\",\"description\":\"\",\"publisher\":{\"@id\":\"https:\\\/\\\/www.walkerglass.com\\\/#organization\"},\"potentialAction\":[{\"@type\":\"SearchAction\",\"target\":{\"@type\":\"EntryPoint\",\"urlTemplate\":\"https:\\\/\\\/www.walkerglass.com\\\/?s={search_term_string}\"},\"query-input\":{\"@type\":\"PropertyValueSpecification\",\"valueRequired\":true,\"valueName\":\"search_term_string\"}}],\"inLanguage\":\"fr-FR\"},{\"@type\":\"Organization\",\"@id\":\"https:\\\/\\\/www.walkerglass.com\\\/#organization\",\"name\":\"Verrerie Walker\",\"url\":\"https:\\\/\\\/www.walkerglass.com\\\/\",\"logo\":{\"@type\":\"ImageObject\",\"inLanguage\":\"fr-FR\",\"@id\":\"https:\\\/\\\/www.walkerglass.com\\\/#\\\/schema\\\/logo\\\/image\\\/\",\"url\":\"https:\\\/\\\/www.walkerglass.com\\\/wp-content\\\/uploads\\\/2021\\\/03\\\/logo-walker-noir-1.png\",\"contentUrl\":\"https:\\\/\\\/www.walkerglass.com\\\/wp-content\\\/uploads\\\/2021\\\/03\\\/logo-walker-noir-1.png\",\"width\":2048,\"height\":282,\"caption\":\"Verrerie Walker\"},\"image\":{\"@id\":\"https:\\\/\\\/www.walkerglass.com\\\/#\\\/schema\\\/logo\\\/image\\\/\"},\"sameAs\":[\"https:\\\/\\\/www.facebook.com\\\/WalkerGlassCo\\\/\",\"https:\\\/\\\/x.com\\\/WalkerTextures\",\"https:\\\/\\\/www.instagram.com\\\/walkerglassco\\\/\",\"https:\\\/\\\/ca.linkedin.com\\\/company\\\/walker-glass\",\"https:\\\/\\\/www.youtube.com\\\/user\\\/WalkerGlassTextures\"]},{\"@type\":\"Person\",\"@id\":\"https:\\\/\\\/www.walkerglass.com\\\/#\\\/schema\\\/person\\\/ed479110376a8a2d01e15550aada87c7\",\"name\":\"danik\",\"image\":{\"@type\":\"ImageObject\",\"inLanguage\":\"fr-FR\",\"@id\":\"https:\\\/\\\/secure.gravatar.com\\\/avatar\\\/8299c11d25de210a1f035829dfc75d7f6529e684e5c6f236a588f2e2f1c988b4?s=96&d=mm&r=g\",\"url\":\"https:\\\/\\\/secure.gravatar.com\\\/avatar\\\/8299c11d25de210a1f035829dfc75d7f6529e684e5c6f236a588f2e2f1c988b4?s=96&d=mm&r=g\",\"contentUrl\":\"https:\\\/\\\/secure.gravatar.com\\\/avatar\\\/8299c11d25de210a1f035829dfc75d7f6529e684e5c6f236a588f2e2f1c988b4?s=96&d=mm&r=g\",\"caption\":\"danik\"},\"url\":\"https:\\\/\\\/www.walkerglass.com\\\/fr\\\/author\\\/danik\\\/\"}]}<\/script>\n<!-- \/ Yoast SEO plugin. -->","yoast_head_json":{"title":"Le verre surdimensionn\u00e9 et son \u00e9volution - Le point de vue de l\u2019installateur | Verrerie Walker","description":"Le verre surdimensionn\u00e9 et son \u00e9volution - Le point de vue de l\u2019installateur : Bonne lecture sur notre blog !","robots":{"index":"index","follow":"follow","max-snippet":"max-snippet:-1","max-image-preview":"max-image-preview:large","max-video-preview":"max-video-preview:-1"},"canonical":"https:\/\/www.walkerglass.com\/fr\/le-verre-surdimensionne-et-son-evolution-le-point-de-vue-de-linstallateur\/","og_locale":"fr_FR","og_type":"article","og_title":"Le verre surdimensionn\u00e9 et son \u00e9volution - Le point de vue de l\u2019installateur | Verrerie Walker","og_description":"Le verre surdimensionn\u00e9 et son \u00e9volution - Le point de vue de l\u2019installateur : Bonne lecture sur notre blog !","og_url":"https:\/\/www.walkerglass.com\/fr\/le-verre-surdimensionne-et-son-evolution-le-point-de-vue-de-linstallateur\/","og_site_name":"Verrerie Walker","article_publisher":"https:\/\/www.facebook.com\/WalkerGlassCo\/","article_published_time":"2019-03-28T21:05:35+00:00","article_modified_time":"2020-09-15T21:59:51+00:00","og_image":[{"width":1075,"height":768,"url":"https:\/\/www.walkerglass.com\/wp-content\/uploads\/2019\/03\/oversize-header-body-4.jpg","type":"image\/jpeg"}],"author":"danik","twitter_card":"summary_large_image","twitter_creator":"@WalkerTextures","twitter_site":"@WalkerTextures","twitter_misc":{"\u00c9crit par":"danik","Dur\u00e9e de lecture estim\u00e9e":"5 minutes"},"schema":{"@context":"https:\/\/schema.org","@graph":[{"@type":"Article","@id":"https:\/\/www.walkerglass.com\/fr\/le-verre-surdimensionne-et-son-evolution-le-point-de-vue-de-linstallateur\/#article","isPartOf":{"@id":"https:\/\/www.walkerglass.com\/fr\/le-verre-surdimensionne-et-son-evolution-le-point-de-vue-de-linstallateur\/"},"author":{"name":"danik","@id":"https:\/\/www.walkerglass.com\/#\/schema\/person\/ed479110376a8a2d01e15550aada87c7"},"headline":"Le verre surdimensionn\u00e9 et son \u00e9volution &#8211; Le point de vue de l\u2019installateur","datePublished":"2019-03-28T21:05:35+00:00","dateModified":"2020-09-15T21:59:51+00:00","mainEntityOfPage":{"@id":"https:\/\/www.walkerglass.com\/fr\/le-verre-surdimensionne-et-son-evolution-le-point-de-vue-de-linstallateur\/"},"wordCount":929,"publisher":{"@id":"https:\/\/www.walkerglass.com\/#organization"},"image":{"@id":"https:\/\/www.walkerglass.com\/fr\/le-verre-surdimensionne-et-son-evolution-le-point-de-vue-de-linstallateur\/#primaryimage"},"thumbnailUrl":"https:\/\/www.walkerglass.com\/wp-content\/uploads\/2019\/03\/oversize-header-body-4.jpg","inLanguage":"fr-FR"},{"@type":"WebPage","@id":"https:\/\/www.walkerglass.com\/fr\/le-verre-surdimensionne-et-son-evolution-le-point-de-vue-de-linstallateur\/","url":"https:\/\/www.walkerglass.com\/fr\/le-verre-surdimensionne-et-son-evolution-le-point-de-vue-de-linstallateur\/","name":"Le verre surdimensionn\u00e9 et son \u00e9volution - Le point de vue de l\u2019installateur | Verrerie Walker","isPartOf":{"@id":"https:\/\/www.walkerglass.com\/#website"},"primaryImageOfPage":{"@id":"https:\/\/www.walkerglass.com\/fr\/le-verre-surdimensionne-et-son-evolution-le-point-de-vue-de-linstallateur\/#primaryimage"},"image":{"@id":"https:\/\/www.walkerglass.com\/fr\/le-verre-surdimensionne-et-son-evolution-le-point-de-vue-de-linstallateur\/#primaryimage"},"thumbnailUrl":"https:\/\/www.walkerglass.com\/wp-content\/uploads\/2019\/03\/oversize-header-body-4.jpg","datePublished":"2019-03-28T21:05:35+00:00","dateModified":"2020-09-15T21:59:51+00:00","description":"Le verre surdimensionn\u00e9 et son \u00e9volution - Le point de vue de l\u2019installateur : Bonne lecture sur notre blog !","breadcrumb":{"@id":"https:\/\/www.walkerglass.com\/fr\/le-verre-surdimensionne-et-son-evolution-le-point-de-vue-de-linstallateur\/#breadcrumb"},"inLanguage":"fr-FR","potentialAction":[{"@type":"ReadAction","target":["https:\/\/www.walkerglass.com\/fr\/le-verre-surdimensionne-et-son-evolution-le-point-de-vue-de-linstallateur\/"]}]},{"@type":"ImageObject","inLanguage":"fr-FR","@id":"https:\/\/www.walkerglass.com\/fr\/le-verre-surdimensionne-et-son-evolution-le-point-de-vue-de-linstallateur\/#primaryimage","url":"https:\/\/www.walkerglass.com\/wp-content\/uploads\/2019\/03\/oversize-header-body-4.jpg","contentUrl":"https:\/\/www.walkerglass.com\/wp-content\/uploads\/2019\/03\/oversize-header-body-4.jpg","width":1075,"height":768},{"@type":"BreadcrumbList","@id":"https:\/\/www.walkerglass.com\/fr\/le-verre-surdimensionne-et-son-evolution-le-point-de-vue-de-linstallateur\/#breadcrumb","itemListElement":[{"@type":"ListItem","position":1,"name":"Accueil"},{"@type":"ListItem","position":2,"name":"Le verre surdimensionn\u00e9 et son \u00e9volution &#8211; Le point de vue de l\u2019installateur"}]},{"@type":"WebSite","@id":"https:\/\/www.walkerglass.com\/#website","url":"https:\/\/www.walkerglass.com\/","name":"Verrerie Walker","description":"","publisher":{"@id":"https:\/\/www.walkerglass.com\/#organization"},"potentialAction":[{"@type":"SearchAction","target":{"@type":"EntryPoint","urlTemplate":"https:\/\/www.walkerglass.com\/?s={search_term_string}"},"query-input":{"@type":"PropertyValueSpecification","valueRequired":true,"valueName":"search_term_string"}}],"inLanguage":"fr-FR"},{"@type":"Organization","@id":"https:\/\/www.walkerglass.com\/#organization","name":"Verrerie Walker","url":"https:\/\/www.walkerglass.com\/","logo":{"@type":"ImageObject","inLanguage":"fr-FR","@id":"https:\/\/www.walkerglass.com\/#\/schema\/logo\/image\/","url":"https:\/\/www.walkerglass.com\/wp-content\/uploads\/2021\/03\/logo-walker-noir-1.png","contentUrl":"https:\/\/www.walkerglass.com\/wp-content\/uploads\/2021\/03\/logo-walker-noir-1.png","width":2048,"height":282,"caption":"Verrerie Walker"},"image":{"@id":"https:\/\/www.walkerglass.com\/#\/schema\/logo\/image\/"},"sameAs":["https:\/\/www.facebook.com\/WalkerGlassCo\/","https:\/\/x.com\/WalkerTextures","https:\/\/www.instagram.com\/walkerglassco\/","https:\/\/ca.linkedin.com\/company\/walker-glass","https:\/\/www.youtube.com\/user\/WalkerGlassTextures"]},{"@type":"Person","@id":"https:\/\/www.walkerglass.com\/#\/schema\/person\/ed479110376a8a2d01e15550aada87c7","name":"danik","image":{"@type":"ImageObject","inLanguage":"fr-FR","@id":"https:\/\/secure.gravatar.com\/avatar\/8299c11d25de210a1f035829dfc75d7f6529e684e5c6f236a588f2e2f1c988b4?s=96&d=mm&r=g","url":"https:\/\/secure.gravatar.com\/avatar\/8299c11d25de210a1f035829dfc75d7f6529e684e5c6f236a588f2e2f1c988b4?s=96&d=mm&r=g","contentUrl":"https:\/\/secure.gravatar.com\/avatar\/8299c11d25de210a1f035829dfc75d7f6529e684e5c6f236a588f2e2f1c988b4?s=96&d=mm&r=g","caption":"danik"},"url":"https:\/\/www.walkerglass.com\/fr\/author\/danik\/"}]}},"_links":{"self":[{"href":"https:\/\/www.walkerglass.com\/fr\/wp-json\/wp\/v2\/posts\/5104","targetHints":{"allow":["GET"]}}],"collection":[{"href":"https:\/\/www.walkerglass.com\/fr\/wp-json\/wp\/v2\/posts"}],"about":[{"href":"https:\/\/www.walkerglass.com\/fr\/wp-json\/wp\/v2\/types\/post"}],"author":[{"embeddable":true,"href":"https:\/\/www.walkerglass.com\/fr\/wp-json\/wp\/v2\/users\/5"}],"replies":[{"embeddable":true,"href":"https:\/\/www.walkerglass.com\/fr\/wp-json\/wp\/v2\/comments?post=5104"}],"version-history":[{"count":1,"href":"https:\/\/www.walkerglass.com\/fr\/wp-json\/wp\/v2\/posts\/5104\/revisions"}],"predecessor-version":[{"id":9011,"href":"https:\/\/www.walkerglass.com\/fr\/wp-json\/wp\/v2\/posts\/5104\/revisions\/9011"}],"wp:featuredmedia":[{"embeddable":true,"href":"https:\/\/www.walkerglass.com\/fr\/wp-json\/wp\/v2\/media\/5102"}],"wp:attachment":[{"href":"https:\/\/www.walkerglass.com\/fr\/wp-json\/wp\/v2\/media?parent=5104"}],"wp:term":[{"taxonomy":"articles-subject","embeddable":true,"href":"https:\/\/www.walkerglass.com\/fr\/wp-json\/wp\/v2\/articles-subject?post=5104"}],"curies":[{"name":"wp","href":"https:\/\/api.w.org\/{rel}","templated":true}]}}