{"id":5082,"date":"2019-03-28T16:56:35","date_gmt":"2019-03-28T20:56:35","guid":{"rendered":"http:\/\/www.walkerglass.com\/?p=5082"},"modified":"2020-09-15T17:59:45","modified_gmt":"2020-09-15T21:59:45","slug":"le-verre-surdimensionne-et-son-evolution-le-point-de-vue-de-larchitecte","status":"publish","type":"post","link":"https:\/\/www.walkerglass.com\/fr\/blogue\/le-verre-surdimensionne-et-son-evolution-le-point-de-vue-de-larchitecte\/","title":{"rendered":"Le verre surdimensionn\u00e9 et son \u00e9volution &#8211; Le point de vue de l&rsquo;architecte"},"content":{"rendered":"\t\t<div class=\"et_pb_section et_pb_with_background et_section_regular breadcrumbs_section\">\n\t\t\t<div class=\" et_pb_row breadcrumbs_row\">\n\t\t\t\t<div class=\"et_pb_column et_pb_column_4_4 breadcrumbs_column\">\n\t\t\t\t\t<div class=\"et_pb_code et_pb_module breadcrumbs_module\">\n\t\t\t\t\t\t<span><span>Accueil<\/span><\/span>\t\t\t\t\t<\/div> <!-- .et_pb_code -->\n\t\t\t\t<\/div> <!-- .et_pb_column -->\n\t\t\t<\/div> <!-- .et_pb_row -->\n\t\t<\/div>\n\t\t<p>[et_pb_section bb_built=\u00a0\u00bb1&Prime;][et_pb_row][et_pb_column type=\u00a0\u00bb4_4&Prime;][et_pb_text _builder_version=\u00a0\u00bb3.20.1&Prime;]<\/p>\n<p><strong>La premi\u00e8re de trois chroniques sur cette tendance GRANDISSANTE. Plus c&rsquo;est grand, mieux c&rsquo;est! Est-ce toujours vrai? Quand il s&rsquo;agit de verre et de fenestration des b\u00e2timents, la tendance se fait apparemment sentir. Au cours des derni\u00e8res ann\u00e9es, de plus en plus de professionnels dans le domaine du design repoussent les limites avec des fa\u00e7ades d\u2019envergure plus importante. Par contre, la question est encore de mise. Est-ce que plus c&rsquo;est grand, mieux c&rsquo;est? Quels sont les avantages et quels-en sont les inconv\u00e9nients?<\/strong><\/p>\n<p>Nous avons contact\u00e9 plusieurs architectes et r\u00e9dacteurs de devis pour conna\u00eetre leurs points de vue sur cette tendance \u00e9mergente. L&rsquo;anonymat a \u00e9t\u00e9 promis aux r\u00e9pondants afin qu&rsquo;ils puissent librement exprimer leur opinion. Les informations fournies ont \u00e9t\u00e9 tr\u00e8s utiles pour comprendre davantage la direction que ce genre de produits prend actuellement.<\/p>\n<p>Premi\u00e8rement, qu&rsquo;est-ce qui peut \u00eatre consid\u00e9r\u00e9 comme \u00ab surdimensionn\u00e9 \u00bb quand il s&rsquo;agit d&rsquo;une installation de verre? Parmi nos r\u00e9pondants, aucune dimension pr\u00e9cise n\u2019est ressortie. Nous avons not\u00e9 une gamme de largeurs allant de 2100mm \u00e0 2500mm et des hauteurs allant de 4070mm \u00e0 5600mm &#8211; ces diff\u00e9rences de taille d\u00e9montrent une \u00e9norme variation au niveau des grandeurs dans ce qui est per\u00e7u comme \u00ab surdimensionn\u00e9 \u00bb.<\/p>\n<p>Quelles sont les raisons essentielles de vouloir plus grand? Fait int\u00e9ressant, nous avons eu un large \u00e9ventail de r\u00e9ponses, y compris le classique : \u00ab parce que nous le pouvons! \u00bb. Plus s\u00e9rieusement, la capacit\u00e9 d&rsquo;am\u00e9liorer la performance est le principal motif. Pour plusieurs, les mod\u00e8les \u00e9nerg\u00e9tiques comportant de plus grands vitrages d\u00e9montrent l&rsquo;am\u00e9lioration de la performance globale du mur-rideau et constituent une priorit\u00e9. L\u2019impression que la surface de verre peut r\u00e9duire la proportion du cadre qui l\u2019entoure est tr\u00e8s avantageuse.<\/p>\n<p>D\u2019ailleurs, le d\u00e9sir grandissant d\u2019avoir de plus en plus de lumi\u00e8re naturelle permettant d\u2019am\u00e9liorer le confort des occupants pousse la communaut\u00e9 des designers \u00e0 explorer de plus grandes fenestrations. Un de nos r\u00e9pondants architecte a not\u00e9 ce qui suit: \u00ab La lumi\u00e8re naturelle est devenue un besoin si puissant pour nous. Nos clients exigent plus de lumi\u00e8re naturelle, nous trouvons de plus en plus de fa\u00e7ons d&rsquo;en tirer parti, et donc nous nous concentrons sur des dimensions plus importantes. Il y a des ann\u00e9es, nous \u00e9tions limit\u00e9s par le secteur de la fabrication, mais ce n&rsquo;est plus le cas et cela nous a permis de faire des progr\u00e8s consid\u00e9rables. \u00bb<\/p>\n<p>L&rsquo;obstacle de fabrication qui existait depuis des ann\u00e9es est r\u00e9volu; les tailles peuvent maintenant facilement atteindre et d\u00e9passer les dimensions not\u00e9es pr\u00e9c\u00e9demment. Par contre, les craintes impliquent d\u00e9sormais d&rsquo;autres aspects du produit, y compris les charges li\u00e9es au vent, la qualit\u00e9 visuelle, les remplacements potentiels, la visibilit\u00e9 p\u00e9riph\u00e9rique et le poids.<\/p>\n<p>Le poids \u00e9tait l&rsquo;inqui\u00e9tude la plus comment\u00e9e, avec des pr\u00e9occupations concernant les charges mortes, les syst\u00e8mes d\u2019encadrement de support, la logistique, la manutention et le triple vitrage. Tous ces \u00e9l\u00e9ments changent la dynamique du vitrage lorsque vous passez de tailles typiques \u00e0 des tailles surdimensionn\u00e9es.<\/p>\n<p>Cela dit, l&rsquo;une de nos architectes ayant \u00e9t\u00e9 interrog\u00e9e a d\u00e9clar\u00e9 que rien de tout cela n&rsquo;arr\u00eaterait son entreprise, mais cela leur donne mati\u00e8re \u00e0 r\u00e9flexion. \u00ab Nous voulons faire \u00e9voluer l\u2019enveloppe de b\u00e2timent. Nous sommes reconnus dans ce domaine, mais nous avons constat\u00e9 qu&rsquo;il y a beaucoup plus de pr\u00e9occupations raisonnables impliqu\u00e9es avec les verres de grandes tailles. Nous travaillons beaucoup plus \u00e9troitement avec nos fournisseurs de verres que pr\u00e9c\u00e9demment pour obtenir les d\u00e9tails dont nous avons besoin. En outre, dans le pass\u00e9, le verre surdimensionn\u00e9 \u00e9tait livr\u00e9 sans garantie, ce qui souvent signifiait une qualit\u00e9 plus faible. Heureusement, cela a \u00e9galement chang\u00e9 \u00bb.<\/p>\n<p>Le probl\u00e8me de la garantie \u00e9tait important, car pendant de nombreuses ann\u00e9es le verre qui \u00e9tait consid\u00e9r\u00e9 comme surdimensionn\u00e9 \u00e9tait vendu \u00ab tel quel \u00bb, ce qui signifiait que m\u00eame s\u2019il y avait un d\u00e9faut vous deviez accepter le produit. Maintenant, gr\u00e2ce \u00e0 l&rsquo;avancement de la qualit\u00e9 et l&rsquo;ajout de nombreux autres fournisseurs de verre surdimensionn\u00e9, ces qualifications et ces probl\u00e8mes ont \u00e9t\u00e9 minimis\u00e9s de fa\u00e7on importante.<\/p>\n<p>La taille du march\u00e9 global du verre \u00ab surdimensionn\u00e9 \u00bb \u00e9tait le sujet d\u2019une autre question que nous avons pos\u00e9e. La majorit\u00e9 des r\u00e9ponses indiquait une utilisation comprise entre 10 et 15% du march\u00e9, bien qu\u2019un architecte ait estim\u00e9 que cette tendance n\u2019\u00e9tait pas aussi grande qu\u2019elle le semblait.<\/p>\n<p>\u00ab Nous voyons notre concurrence vantant le march\u00e9 surdimensionn\u00e9 comme une place dominante et poussant leur r\u00e9putation d&rsquo;entreprise avec une ligne de pens\u00e9e que la majorit\u00e9 du march\u00e9 suit de pr\u00e8s. Pour nous, ce n&rsquo;est tout simplement pas le cas. C&rsquo;est un march\u00e9 en croissance, mais ce n&rsquo;est probablement que 5% \u00e0 ce moment-ci. Le verre de grande taille n&rsquo;est certainement pas dans tous les projets, comme certains le font croire \u00bb.<\/p>\n<p>Dans le pass\u00e9, compte-tenu du nombre limit\u00e9 de fournisseurs, le co\u00fbt pouvait \u00eatre prohibitif. Fait int\u00e9ressant, peu d\u2019architectes \u00e0 qui nous avons parl\u00e9 ont discut\u00e9 des co\u00fbts. Cela est peut-\u00eatre d\u00fb au march\u00e9 mondialement concurrentiel d&rsquo;aujourd&rsquo;hui, combin\u00e9 \u00e0 de vastes am\u00e9liorations des op\u00e9rations ax\u00e9es sur la technologie, qui ont conduit la tarification \u00e0 un niveau plus comp\u00e9titif.<\/p>\n<p>Au d\u00e9but de cet article, nous avons demand\u00e9 si plus c&rsquo;est grand, mieux c&rsquo;est. Pour beaucoup la r\u00e9ponse est oui. Pour certains, c&rsquo;est l&rsquo;objectif principal de leur entreprise. Pour d&rsquo;autres, ce n&rsquo;est pas leur approche privil\u00e9gi\u00e9e. Mais une chose est certaine, il y a plus de fournisseurs que jamais offrant cette possibilit\u00e9 et cela seul signifie qu&rsquo;ils auront beaucoup de pression pour continuer \u00e0 \u00e9voluer vers plus grand dans le futur.<\/p>\n<p>Justement, le mois prochain dans la deuxi\u00e8me partie de cette s\u00e9rie, nous parlerons de l\u2019approche des transformateurs de verre, comment ceux-ci produisent et soutiennent le march\u00e9 et quelles sont les tendances qu&rsquo;ils voient dans cette sph\u00e8re d\u2019activit\u00e9s.<\/p>\n<p>[\/et_pb_text][\/et_pb_column][\/et_pb_row][\/et_pb_section]<\/p>\n","protected":false},"excerpt":{"rendered":"<p><div class=\"et_pb_row et_pb_row_0 et_pb_row_empty\">\n\t\t\t\t\n\t\t\t\t\n\t\t\t\t\n\t\t\t\t\n\t\t\t\t\n\t\t\t<\/div> La premi\u00e8re de trois chroniques sur cette tendance GRANDISSANTE. Plus c&rsquo;est grand, mieux c&rsquo;est! Est-ce toujours vrai? Quand il s&rsquo;agit de verre et de fenestration des b\u00e2timents, la tendance se fait apparemment sentir. Au cours des derni\u00e8res ann\u00e9es, de plus en plus de professionnels dans le domaine du design repoussent les limites avec des [&hellip;]<\/p>\n","protected":false},"author":5,"featured_media":5080,"comment_status":"closed","ping_status":"open","sticky":false,"template":"","format":"standard","meta":{"_acf_changed":false,"_et_pb_use_builder":"on","_et_pb_old_content":"","_et_gb_content_width":"","footnotes":""},"articles-subject":[446,208],"class_list":["post-5082","post","type-post","status-publish","format-standard","has-post-thumbnail","hentry","articles-subject-application-exterieure","articles-subject-verre-depoli-a-lacide"],"acf":[],"yoast_head":"<!-- This site is optimized with the Yoast SEO plugin v27.5 - https:\/\/yoast.com\/product\/yoast-seo-wordpress\/ -->\n<title>Le verre surdimensionn\u00e9 et son \u00e9volution - Le point de vue de l&#039;architecte | Verrerie Walker<\/title>\n<meta name=\"description\" content=\"Le verre surdimensionn\u00e9 et son \u00e9volution - Le point de vue de l&#039;architecte : Bonne lecture sur notre blog !\" \/>\n<meta name=\"robots\" content=\"index, follow, max-snippet:-1, max-image-preview:large, max-video-preview:-1\" \/>\n<link rel=\"canonical\" href=\"https:\/\/www.walkerglass.com\/fr\/le-verre-surdimensionne-et-son-evolution-le-point-de-vue-de-larchitecte\/\" \/>\n<meta property=\"og:locale\" content=\"fr_FR\" \/>\n<meta property=\"og:type\" content=\"article\" \/>\n<meta property=\"og:title\" content=\"Le verre surdimensionn\u00e9 et son \u00e9volution - Le point de vue de l&#039;architecte | Verrerie Walker\" \/>\n<meta property=\"og:description\" content=\"Le verre surdimensionn\u00e9 et son \u00e9volution - Le point de vue de l&#039;architecte : Bonne lecture sur notre blog !\" \/>\n<meta property=\"og:url\" content=\"https:\/\/www.walkerglass.com\/fr\/le-verre-surdimensionne-et-son-evolution-le-point-de-vue-de-larchitecte\/\" \/>\n<meta property=\"og:site_name\" content=\"Verrerie Walker\" \/>\n<meta property=\"article:publisher\" content=\"https:\/\/www.facebook.com\/WalkerGlassCo\/\" \/>\n<meta property=\"article:published_time\" content=\"2019-03-28T20:56:35+00:00\" \/>\n<meta property=\"article:modified_time\" content=\"2020-09-15T21:59:45+00:00\" \/>\n<meta property=\"og:image\" content=\"https:\/\/www.walkerglass.com\/wp-content\/uploads\/2019\/03\/oversize-header-body-2.jpg\" \/>\n\t<meta property=\"og:image:width\" content=\"1075\" \/>\n\t<meta property=\"og:image:height\" content=\"768\" \/>\n\t<meta property=\"og:image:type\" content=\"image\/jpeg\" \/>\n<meta name=\"author\" content=\"danik\" \/>\n<meta name=\"twitter:card\" content=\"summary_large_image\" \/>\n<meta name=\"twitter:creator\" content=\"@WalkerTextures\" \/>\n<meta name=\"twitter:site\" content=\"@WalkerTextures\" \/>\n<meta name=\"twitter:label1\" content=\"\u00c9crit par\" \/>\n\t<meta name=\"twitter:data1\" content=\"danik\" \/>\n\t<meta name=\"twitter:label2\" content=\"Dur\u00e9e de lecture estim\u00e9e\" \/>\n\t<meta name=\"twitter:data2\" content=\"5 minutes\" \/>\n<script type=\"application\/ld+json\" class=\"yoast-schema-graph\">{\"@context\":\"https:\\\/\\\/schema.org\",\"@graph\":[{\"@type\":\"Article\",\"@id\":\"https:\\\/\\\/www.walkerglass.com\\\/fr\\\/le-verre-surdimensionne-et-son-evolution-le-point-de-vue-de-larchitecte\\\/#article\",\"isPartOf\":{\"@id\":\"https:\\\/\\\/www.walkerglass.com\\\/fr\\\/le-verre-surdimensionne-et-son-evolution-le-point-de-vue-de-larchitecte\\\/\"},\"author\":{\"name\":\"danik\",\"@id\":\"https:\\\/\\\/www.walkerglass.com\\\/#\\\/schema\\\/person\\\/ed479110376a8a2d01e15550aada87c7\"},\"headline\":\"Le verre surdimensionn\u00e9 et son \u00e9volution &#8211; Le point de vue de l&rsquo;architecte\",\"datePublished\":\"2019-03-28T20:56:35+00:00\",\"dateModified\":\"2020-09-15T21:59:45+00:00\",\"mainEntityOfPage\":{\"@id\":\"https:\\\/\\\/www.walkerglass.com\\\/fr\\\/le-verre-surdimensionne-et-son-evolution-le-point-de-vue-de-larchitecte\\\/\"},\"wordCount\":1068,\"publisher\":{\"@id\":\"https:\\\/\\\/www.walkerglass.com\\\/#organization\"},\"image\":{\"@id\":\"https:\\\/\\\/www.walkerglass.com\\\/fr\\\/le-verre-surdimensionne-et-son-evolution-le-point-de-vue-de-larchitecte\\\/#primaryimage\"},\"thumbnailUrl\":\"https:\\\/\\\/www.walkerglass.com\\\/wp-content\\\/uploads\\\/2019\\\/03\\\/oversize-header-body-2.jpg\",\"inLanguage\":\"fr-FR\"},{\"@type\":\"WebPage\",\"@id\":\"https:\\\/\\\/www.walkerglass.com\\\/fr\\\/le-verre-surdimensionne-et-son-evolution-le-point-de-vue-de-larchitecte\\\/\",\"url\":\"https:\\\/\\\/www.walkerglass.com\\\/fr\\\/le-verre-surdimensionne-et-son-evolution-le-point-de-vue-de-larchitecte\\\/\",\"name\":\"Le verre surdimensionn\u00e9 et son \u00e9volution - Le point de vue de l'architecte | Verrerie Walker\",\"isPartOf\":{\"@id\":\"https:\\\/\\\/www.walkerglass.com\\\/#website\"},\"primaryImageOfPage\":{\"@id\":\"https:\\\/\\\/www.walkerglass.com\\\/fr\\\/le-verre-surdimensionne-et-son-evolution-le-point-de-vue-de-larchitecte\\\/#primaryimage\"},\"image\":{\"@id\":\"https:\\\/\\\/www.walkerglass.com\\\/fr\\\/le-verre-surdimensionne-et-son-evolution-le-point-de-vue-de-larchitecte\\\/#primaryimage\"},\"thumbnailUrl\":\"https:\\\/\\\/www.walkerglass.com\\\/wp-content\\\/uploads\\\/2019\\\/03\\\/oversize-header-body-2.jpg\",\"datePublished\":\"2019-03-28T20:56:35+00:00\",\"dateModified\":\"2020-09-15T21:59:45+00:00\",\"description\":\"Le verre surdimensionn\u00e9 et son \u00e9volution - Le point de vue de l'architecte : Bonne lecture sur notre blog !\",\"breadcrumb\":{\"@id\":\"https:\\\/\\\/www.walkerglass.com\\\/fr\\\/le-verre-surdimensionne-et-son-evolution-le-point-de-vue-de-larchitecte\\\/#breadcrumb\"},\"inLanguage\":\"fr-FR\",\"potentialAction\":[{\"@type\":\"ReadAction\",\"target\":[\"https:\\\/\\\/www.walkerglass.com\\\/fr\\\/le-verre-surdimensionne-et-son-evolution-le-point-de-vue-de-larchitecte\\\/\"]}]},{\"@type\":\"ImageObject\",\"inLanguage\":\"fr-FR\",\"@id\":\"https:\\\/\\\/www.walkerglass.com\\\/fr\\\/le-verre-surdimensionne-et-son-evolution-le-point-de-vue-de-larchitecte\\\/#primaryimage\",\"url\":\"https:\\\/\\\/www.walkerglass.com\\\/wp-content\\\/uploads\\\/2019\\\/03\\\/oversize-header-body-2.jpg\",\"contentUrl\":\"https:\\\/\\\/www.walkerglass.com\\\/wp-content\\\/uploads\\\/2019\\\/03\\\/oversize-header-body-2.jpg\",\"width\":1075,\"height\":768},{\"@type\":\"BreadcrumbList\",\"@id\":\"https:\\\/\\\/www.walkerglass.com\\\/fr\\\/le-verre-surdimensionne-et-son-evolution-le-point-de-vue-de-larchitecte\\\/#breadcrumb\",\"itemListElement\":[{\"@type\":\"ListItem\",\"position\":1,\"name\":\"Accueil\"},{\"@type\":\"ListItem\",\"position\":2,\"name\":\"Le verre surdimensionn\u00e9 et son \u00e9volution &#8211; Le point de vue de l&#8217;architecte\"}]},{\"@type\":\"WebSite\",\"@id\":\"https:\\\/\\\/www.walkerglass.com\\\/#website\",\"url\":\"https:\\\/\\\/www.walkerglass.com\\\/\",\"name\":\"Verrerie Walker\",\"description\":\"\",\"publisher\":{\"@id\":\"https:\\\/\\\/www.walkerglass.com\\\/#organization\"},\"potentialAction\":[{\"@type\":\"SearchAction\",\"target\":{\"@type\":\"EntryPoint\",\"urlTemplate\":\"https:\\\/\\\/www.walkerglass.com\\\/?s={search_term_string}\"},\"query-input\":{\"@type\":\"PropertyValueSpecification\",\"valueRequired\":true,\"valueName\":\"search_term_string\"}}],\"inLanguage\":\"fr-FR\"},{\"@type\":\"Organization\",\"@id\":\"https:\\\/\\\/www.walkerglass.com\\\/#organization\",\"name\":\"Verrerie Walker\",\"url\":\"https:\\\/\\\/www.walkerglass.com\\\/\",\"logo\":{\"@type\":\"ImageObject\",\"inLanguage\":\"fr-FR\",\"@id\":\"https:\\\/\\\/www.walkerglass.com\\\/#\\\/schema\\\/logo\\\/image\\\/\",\"url\":\"https:\\\/\\\/www.walkerglass.com\\\/wp-content\\\/uploads\\\/2021\\\/03\\\/logo-walker-noir-1.png\",\"contentUrl\":\"https:\\\/\\\/www.walkerglass.com\\\/wp-content\\\/uploads\\\/2021\\\/03\\\/logo-walker-noir-1.png\",\"width\":2048,\"height\":282,\"caption\":\"Verrerie Walker\"},\"image\":{\"@id\":\"https:\\\/\\\/www.walkerglass.com\\\/#\\\/schema\\\/logo\\\/image\\\/\"},\"sameAs\":[\"https:\\\/\\\/www.facebook.com\\\/WalkerGlassCo\\\/\",\"https:\\\/\\\/x.com\\\/WalkerTextures\",\"https:\\\/\\\/www.instagram.com\\\/walkerglassco\\\/\",\"https:\\\/\\\/ca.linkedin.com\\\/company\\\/walker-glass\",\"https:\\\/\\\/www.youtube.com\\\/user\\\/WalkerGlassTextures\"]},{\"@type\":\"Person\",\"@id\":\"https:\\\/\\\/www.walkerglass.com\\\/#\\\/schema\\\/person\\\/ed479110376a8a2d01e15550aada87c7\",\"name\":\"danik\",\"image\":{\"@type\":\"ImageObject\",\"inLanguage\":\"fr-FR\",\"@id\":\"https:\\\/\\\/secure.gravatar.com\\\/avatar\\\/8299c11d25de210a1f035829dfc75d7f6529e684e5c6f236a588f2e2f1c988b4?s=96&d=mm&r=g\",\"url\":\"https:\\\/\\\/secure.gravatar.com\\\/avatar\\\/8299c11d25de210a1f035829dfc75d7f6529e684e5c6f236a588f2e2f1c988b4?s=96&d=mm&r=g\",\"contentUrl\":\"https:\\\/\\\/secure.gravatar.com\\\/avatar\\\/8299c11d25de210a1f035829dfc75d7f6529e684e5c6f236a588f2e2f1c988b4?s=96&d=mm&r=g\",\"caption\":\"danik\"},\"url\":\"https:\\\/\\\/www.walkerglass.com\\\/fr\\\/author\\\/danik\\\/\"}]}<\/script>\n<!-- \/ Yoast SEO plugin. -->","yoast_head_json":{"title":"Le verre surdimensionn\u00e9 et son \u00e9volution - Le point de vue de l'architecte | Verrerie Walker","description":"Le verre surdimensionn\u00e9 et son \u00e9volution - Le point de vue de l'architecte : Bonne lecture sur notre blog !","robots":{"index":"index","follow":"follow","max-snippet":"max-snippet:-1","max-image-preview":"max-image-preview:large","max-video-preview":"max-video-preview:-1"},"canonical":"https:\/\/www.walkerglass.com\/fr\/le-verre-surdimensionne-et-son-evolution-le-point-de-vue-de-larchitecte\/","og_locale":"fr_FR","og_type":"article","og_title":"Le verre surdimensionn\u00e9 et son \u00e9volution - Le point de vue de l'architecte | Verrerie Walker","og_description":"Le verre surdimensionn\u00e9 et son \u00e9volution - Le point de vue de l'architecte : Bonne lecture sur notre blog !","og_url":"https:\/\/www.walkerglass.com\/fr\/le-verre-surdimensionne-et-son-evolution-le-point-de-vue-de-larchitecte\/","og_site_name":"Verrerie Walker","article_publisher":"https:\/\/www.facebook.com\/WalkerGlassCo\/","article_published_time":"2019-03-28T20:56:35+00:00","article_modified_time":"2020-09-15T21:59:45+00:00","og_image":[{"width":1075,"height":768,"url":"https:\/\/www.walkerglass.com\/wp-content\/uploads\/2019\/03\/oversize-header-body-2.jpg","type":"image\/jpeg"}],"author":"danik","twitter_card":"summary_large_image","twitter_creator":"@WalkerTextures","twitter_site":"@WalkerTextures","twitter_misc":{"\u00c9crit par":"danik","Dur\u00e9e de lecture estim\u00e9e":"5 minutes"},"schema":{"@context":"https:\/\/schema.org","@graph":[{"@type":"Article","@id":"https:\/\/www.walkerglass.com\/fr\/le-verre-surdimensionne-et-son-evolution-le-point-de-vue-de-larchitecte\/#article","isPartOf":{"@id":"https:\/\/www.walkerglass.com\/fr\/le-verre-surdimensionne-et-son-evolution-le-point-de-vue-de-larchitecte\/"},"author":{"name":"danik","@id":"https:\/\/www.walkerglass.com\/#\/schema\/person\/ed479110376a8a2d01e15550aada87c7"},"headline":"Le verre surdimensionn\u00e9 et son \u00e9volution &#8211; Le point de vue de l&rsquo;architecte","datePublished":"2019-03-28T20:56:35+00:00","dateModified":"2020-09-15T21:59:45+00:00","mainEntityOfPage":{"@id":"https:\/\/www.walkerglass.com\/fr\/le-verre-surdimensionne-et-son-evolution-le-point-de-vue-de-larchitecte\/"},"wordCount":1068,"publisher":{"@id":"https:\/\/www.walkerglass.com\/#organization"},"image":{"@id":"https:\/\/www.walkerglass.com\/fr\/le-verre-surdimensionne-et-son-evolution-le-point-de-vue-de-larchitecte\/#primaryimage"},"thumbnailUrl":"https:\/\/www.walkerglass.com\/wp-content\/uploads\/2019\/03\/oversize-header-body-2.jpg","inLanguage":"fr-FR"},{"@type":"WebPage","@id":"https:\/\/www.walkerglass.com\/fr\/le-verre-surdimensionne-et-son-evolution-le-point-de-vue-de-larchitecte\/","url":"https:\/\/www.walkerglass.com\/fr\/le-verre-surdimensionne-et-son-evolution-le-point-de-vue-de-larchitecte\/","name":"Le verre surdimensionn\u00e9 et son \u00e9volution - Le point de vue de l'architecte | Verrerie Walker","isPartOf":{"@id":"https:\/\/www.walkerglass.com\/#website"},"primaryImageOfPage":{"@id":"https:\/\/www.walkerglass.com\/fr\/le-verre-surdimensionne-et-son-evolution-le-point-de-vue-de-larchitecte\/#primaryimage"},"image":{"@id":"https:\/\/www.walkerglass.com\/fr\/le-verre-surdimensionne-et-son-evolution-le-point-de-vue-de-larchitecte\/#primaryimage"},"thumbnailUrl":"https:\/\/www.walkerglass.com\/wp-content\/uploads\/2019\/03\/oversize-header-body-2.jpg","datePublished":"2019-03-28T20:56:35+00:00","dateModified":"2020-09-15T21:59:45+00:00","description":"Le verre surdimensionn\u00e9 et son \u00e9volution - Le point de vue de l'architecte : Bonne lecture sur notre blog !","breadcrumb":{"@id":"https:\/\/www.walkerglass.com\/fr\/le-verre-surdimensionne-et-son-evolution-le-point-de-vue-de-larchitecte\/#breadcrumb"},"inLanguage":"fr-FR","potentialAction":[{"@type":"ReadAction","target":["https:\/\/www.walkerglass.com\/fr\/le-verre-surdimensionne-et-son-evolution-le-point-de-vue-de-larchitecte\/"]}]},{"@type":"ImageObject","inLanguage":"fr-FR","@id":"https:\/\/www.walkerglass.com\/fr\/le-verre-surdimensionne-et-son-evolution-le-point-de-vue-de-larchitecte\/#primaryimage","url":"https:\/\/www.walkerglass.com\/wp-content\/uploads\/2019\/03\/oversize-header-body-2.jpg","contentUrl":"https:\/\/www.walkerglass.com\/wp-content\/uploads\/2019\/03\/oversize-header-body-2.jpg","width":1075,"height":768},{"@type":"BreadcrumbList","@id":"https:\/\/www.walkerglass.com\/fr\/le-verre-surdimensionne-et-son-evolution-le-point-de-vue-de-larchitecte\/#breadcrumb","itemListElement":[{"@type":"ListItem","position":1,"name":"Accueil"},{"@type":"ListItem","position":2,"name":"Le verre surdimensionn\u00e9 et son \u00e9volution &#8211; Le point de vue de l&#8217;architecte"}]},{"@type":"WebSite","@id":"https:\/\/www.walkerglass.com\/#website","url":"https:\/\/www.walkerglass.com\/","name":"Verrerie Walker","description":"","publisher":{"@id":"https:\/\/www.walkerglass.com\/#organization"},"potentialAction":[{"@type":"SearchAction","target":{"@type":"EntryPoint","urlTemplate":"https:\/\/www.walkerglass.com\/?s={search_term_string}"},"query-input":{"@type":"PropertyValueSpecification","valueRequired":true,"valueName":"search_term_string"}}],"inLanguage":"fr-FR"},{"@type":"Organization","@id":"https:\/\/www.walkerglass.com\/#organization","name":"Verrerie Walker","url":"https:\/\/www.walkerglass.com\/","logo":{"@type":"ImageObject","inLanguage":"fr-FR","@id":"https:\/\/www.walkerglass.com\/#\/schema\/logo\/image\/","url":"https:\/\/www.walkerglass.com\/wp-content\/uploads\/2021\/03\/logo-walker-noir-1.png","contentUrl":"https:\/\/www.walkerglass.com\/wp-content\/uploads\/2021\/03\/logo-walker-noir-1.png","width":2048,"height":282,"caption":"Verrerie Walker"},"image":{"@id":"https:\/\/www.walkerglass.com\/#\/schema\/logo\/image\/"},"sameAs":["https:\/\/www.facebook.com\/WalkerGlassCo\/","https:\/\/x.com\/WalkerTextures","https:\/\/www.instagram.com\/walkerglassco\/","https:\/\/ca.linkedin.com\/company\/walker-glass","https:\/\/www.youtube.com\/user\/WalkerGlassTextures"]},{"@type":"Person","@id":"https:\/\/www.walkerglass.com\/#\/schema\/person\/ed479110376a8a2d01e15550aada87c7","name":"danik","image":{"@type":"ImageObject","inLanguage":"fr-FR","@id":"https:\/\/secure.gravatar.com\/avatar\/8299c11d25de210a1f035829dfc75d7f6529e684e5c6f236a588f2e2f1c988b4?s=96&d=mm&r=g","url":"https:\/\/secure.gravatar.com\/avatar\/8299c11d25de210a1f035829dfc75d7f6529e684e5c6f236a588f2e2f1c988b4?s=96&d=mm&r=g","contentUrl":"https:\/\/secure.gravatar.com\/avatar\/8299c11d25de210a1f035829dfc75d7f6529e684e5c6f236a588f2e2f1c988b4?s=96&d=mm&r=g","caption":"danik"},"url":"https:\/\/www.walkerglass.com\/fr\/author\/danik\/"}]}},"_links":{"self":[{"href":"https:\/\/www.walkerglass.com\/fr\/wp-json\/wp\/v2\/posts\/5082","targetHints":{"allow":["GET"]}}],"collection":[{"href":"https:\/\/www.walkerglass.com\/fr\/wp-json\/wp\/v2\/posts"}],"about":[{"href":"https:\/\/www.walkerglass.com\/fr\/wp-json\/wp\/v2\/types\/post"}],"author":[{"embeddable":true,"href":"https:\/\/www.walkerglass.com\/fr\/wp-json\/wp\/v2\/users\/5"}],"replies":[{"embeddable":true,"href":"https:\/\/www.walkerglass.com\/fr\/wp-json\/wp\/v2\/comments?post=5082"}],"version-history":[{"count":1,"href":"https:\/\/www.walkerglass.com\/fr\/wp-json\/wp\/v2\/posts\/5082\/revisions"}],"predecessor-version":[{"id":9005,"href":"https:\/\/www.walkerglass.com\/fr\/wp-json\/wp\/v2\/posts\/5082\/revisions\/9005"}],"wp:featuredmedia":[{"embeddable":true,"href":"https:\/\/www.walkerglass.com\/fr\/wp-json\/wp\/v2\/media\/5080"}],"wp:attachment":[{"href":"https:\/\/www.walkerglass.com\/fr\/wp-json\/wp\/v2\/media?parent=5082"}],"wp:term":[{"taxonomy":"articles-subject","embeddable":true,"href":"https:\/\/www.walkerglass.com\/fr\/wp-json\/wp\/v2\/articles-subject?post=5082"}],"curies":[{"name":"wp","href":"https:\/\/api.w.org\/{rel}","templated":true}]}}