{"id":5062,"date":"2019-03-28T16:58:05","date_gmt":"2019-03-28T20:58:05","guid":{"rendered":"http:\/\/www.walkerglass.com\/?p=5062"},"modified":"2021-05-25T10:29:08","modified_gmt":"2021-05-25T14:29:08","slug":"les-voir-de-loin-les-brise-soleil-en-verre-du-nouvel-edifice-damazon-a-seattle","status":"publish","type":"post","link":"https:\/\/www.walkerglass.com\/fr\/blogue\/les-voir-de-loin-les-brise-soleil-en-verre-du-nouvel-edifice-damazon-a-seattle\/","title":{"rendered":"Les voir de loin : Les brise-soleil en verre du nouvel \u00e9difice d\u2019Amazon \u00e0 Seattle"},"content":{"rendered":"\t\t<div class=\"et_pb_section et_pb_with_background et_section_regular breadcrumbs_section\">\n\t\t\t<div class=\" et_pb_row breadcrumbs_row\">\n\t\t\t\t<div class=\"et_pb_column et_pb_column_4_4 breadcrumbs_column\">\n\t\t\t\t\t<div class=\"et_pb_code et_pb_module breadcrumbs_module\">\n\t\t\t\t\t\t<span><span>Accueil<\/span><\/span>\t\t\t\t\t<\/div> <!-- .et_pb_code -->\n\t\t\t\t<\/div> <!-- .et_pb_column -->\n\t\t\t<\/div> <!-- .et_pb_row -->\n\t\t<\/div>\n\t\t<p>[et_pb_section fb_built=\u00a0\u00bb1&Prime; _builder_version=\u00a0\u00bb3.22&Prime;][et_pb_row column_structure=\u00a0\u00bb3_5,2_5&Prime; _builder_version=\u00a0\u00bb4.9.4&Prime; _module_preset=\u00a0\u00bbdefault\u00a0\u00bb][et_pb_column type=\u00a0\u00bb3_5&Prime; _builder_version=\u00a0\u00bb4.9.4&Prime; _module_preset=\u00a0\u00bbdefault\u00a0\u00bb][et_pb_text _builder_version=\u00a0\u00bb4.9.4&Prime;]<\/p>\n<p>La r\u00e9alisation d&rsquo;une solution de vitrage tout \u00e0 fait remarquable comme celle install\u00e9e sur le nouvel \u00e9difice d\u2019Amazon \u00e0 Seattle a n\u00e9cessit\u00e9 une collaboration consciencieuse de la part de plusieurs transformateurs de grande exp\u00e9rience. Le mariage de divers produits sp\u00e9cifiques a donc occasionn\u00e9 un immeuble \u00e0 l\u2019esth\u00e9tisme distingu\u00e9. Le vitrage en question est compos\u00e9 de 1000 pi\u00e8ces (environ 10 000 pieds carr\u00e9s de verre) de 4 tailles diff\u00e9rentes. L&rsquo;application inclut un syst\u00e8me de brise-soleil en verre \u00e9chafaud\u00e9s sur le mur-rideau ext\u00e9rieur, ajoutant de la couleur, du design ainsi qu&rsquo;un contr\u00f4le solaire.<\/p>\n<p>[\/et_pb_text][\/et_pb_column][et_pb_column type=\u00a0\u00bb2_5&Prime; _builder_version=\u00a0\u00bb4.9.4&Prime; _module_preset=\u00a0\u00bbdefault\u00a0\u00bb][et_pb_blurb _builder_version=\u00a0\u00bb4.9.4&Prime; _module_preset=\u00a0\u00bbdefault\u00a0\u00bb custom_padding=\u00a0\u00bb20px|20px|20px|20px|false|false\u00a0\u00bb border_width_all=\u00a0\u00bb2px\u00a0\u00bb]<\/p>\n<p>\u00ab La fabrication aboutissant \u00e0 la r\u00e9alisation mat\u00e9rielle d&rsquo;un produit, est consid\u00e9r\u00e9e comme bien plus que de l\u2019assemblage de pi\u00e8ces. Il s&rsquo;agit de trouver des id\u00e9es, de tester des principes, de perfectionner l&rsquo;ing\u00e9nierie et le montage final. \u00bb<br \/>\u2014 Sir James Dyson Inventeur britannique, designer industriel et fondateur de la soci\u00e9t\u00e9 Dyson.<\/p>\n<p>[\/et_pb_blurb][\/et_pb_column][\/et_pb_row][et_pb_row _builder_version=\u00a0\u00bb3.25&Prime; background_size=\u00a0\u00bbinitial\u00a0\u00bb background_position=\u00a0\u00bbtop_left\u00a0\u00bb background_repeat=\u00a0\u00bbrepeat\u00a0\u00bb][et_pb_column type=\u00a0\u00bb4_4&Prime; _builder_version=\u00a0\u00bb3.25&Prime; custom_padding=\u00a0\u00bb|||\u00a0\u00bb custom_padding__hover=\u00a0\u00bb|||\u00a0\u00bb][et_pb_text _builder_version=\u00a0\u00bb4.9.4&Prime; hover_enabled=\u00a0\u00bb0&Prime; sticky_enabled=\u00a0\u00bb0&Prime;]<\/p>\n<p>Gr\u00e2ce au choix des mat\u00e9riaux et \u00e0 la strat\u00e9gie complexe de fabrication globale, l\u2019apparence de l\u2019\u00e9difice est \u00e9loquente. Le verre d\u00e9poli \u00e0 l\u2019acide et de multiples couleurs de peinture \u00e0 c\u00e9ramique ont d\u00fb \u00eatre soumis \u00e0 un proc\u00e9d\u00e9 unique de laminage. <a target=\"_blank\" href=\"https:\/\/www.vitrum.ca\/\" rel=\"noopener\">Vitrum Glass Group<\/a> est la compagnie responsable de la transformation du mat\u00e9riau de verre pour ce projet impressionnant.<\/p>\n<p><a target=\"_blank\" href=\"https:\/\/waltersandwolf.com\/rufus-2-0-block-19-amazon-hq\/\" rel=\"noopener\">Walters and Wolf<\/a>\u00a0(l\u2019installateur et client de Vitrum sur ce projet) a sollicit\u00e9 notre aide pour la r\u00e9alisation d&rsquo;un proc\u00e9d\u00e9 de laminage combinant deux couleurs. Un c\u00f4t\u00e9 de la surface du verre devait \u00eatre de couleur orange avec un fini mat et l\u2019autre c\u00f4t\u00e9 de couleur blanche. La conception originale poss\u00e9dait des brise-soleil en verre lamin\u00e9 mont\u00e9s sur l&rsquo;ext\u00e9rieur du mur-rideau entourant le podium. Ces brise-soleil avaient trois teintes de couleur orang\u00e9e transitant \/transitionnant de la plus sombre \u00e0 la plus claire. Trois diff\u00e9rentes teintes de blanc devaient aussi \u00eatre appliqu\u00e9es sur le c\u00f4t\u00e9 oppos\u00e9 de ceux-ci; toutefois, un changement s\u2019est produit et, finalement, l\u2019utilisation d\u2019une seule teinte de blanc a \u00e9t\u00e9 r\u00e9alis\u00e9e gr\u00e2ce \u00e0 la pellicule de BPV Diamond White de Trosifol\u00ae. La composition de ce produit a pu fournir une couleur orang\u00e9e plus riche et plus vibrante \u00bb, a d\u00e9clar\u00e9 Michael Zizek, Directeur marketing, Vitrum Glass Group.<\/p>\n<p>[\/et_pb_text][et_pb_image src=\u00a0\u00bbhttps:\/\/walkerglass.com\/wp-content\/uploads\/2019\/03\/amazon-day-1-velour-etched-laminated-with-orange-and-white-interlayeres-1-body.jpg\u00a0\u00bb align_tablet=\u00a0\u00bbcenter\u00a0\u00bb align_phone=\u00a0\u00bb\u00a0\u00bb align_last_edited=\u00a0\u00bbon|desktop\u00a0\u00bb _builder_version=\u00a0\u00bb3.23&Prime;][\/et_pb_image][et_pb_text _builder_version=\u00a0\u00bb4.9.4&Prime;]<\/p>\n<p>L&rsquo;un des principaux d\u00e9fis en mati\u00e8re de conception a \u00e9t\u00e9 l&rsquo;int\u00e9gration du verre d\u00e9poli dans l&rsquo;aspect g\u00e9n\u00e9ral de la finition afin de l&rsquo;exposer pendant toute la dur\u00e9e de vie du b\u00e2timent. Vitrum a choisi le fini <a target=\"_blank\" href=\"https:\/\/www.walkerglass.com\/fr\/options-produits\/verre-depoli-a-lacide-velour\/\" rel=\"noopener\">Velour de Walker Textures\u00ae<\/a> apr\u00e8s une \u00e9valuation compl\u00e8te des options disponibles. Le fini Velour de Walker Textures\u00ae a \u00e9t\u00e9 choisi apr\u00e8s une \u00e9valuation compl\u00e8te des options disponibles par Vitrum.<\/p>\n<p>\u00ab La sp\u00e9cification originale n&rsquo;incluait pas le fini Velour de Walker Textures\u00ae ni la pellicule blanche de BPV. Le fini d\u00e9poli \u00e0 l\u2019acide Velour a \u00e9t\u00e9 s\u00e9lectionn\u00e9 gr\u00e2ce \u00e0 notre propre proc\u00e9d\u00e9 de recherche et d\u00e9veloppement et ce produit a \u00e9t\u00e9 choisi en raison de sa faible teneur en fer et de son fini sup\u00e9rieur d\u00e9poli \u00e0 l&rsquo;acide. En cons\u00e9quence du grand nombre de proc\u00e9d\u00e9s que le verre a subi (per\u00e7age, rev\u00eatement de peinture c\u00e9ramique, trempage, laminage), nous avons constat\u00e9 que les tests faits \u00e0 l\u2019interne montraient que le fini d\u00e9poli \u00e0 l\u2019acide Walker Textures\u00ae pr\u00e9sentait une plus grande r\u00e9sistance aux taches, aux frottements et \u00e9tait plus facile \u00e0 nettoyer pendant le processus de fabrication et sur le terrain \u00bb, a soulign\u00e9 M. Zizek.<\/p>\n<p>\u00ab Notre \u00e9quipe a \u00e9t\u00e9 tr\u00e8s impressionn\u00e9e par les connaissances approfondies et la cr\u00e9ativit\u00e9 de l&rsquo;\u00e9quipe de design chez Vitrum en ce qui concerne leur contribution et leur mani\u00e8re d&rsquo;avoir int\u00e9gr\u00e9 le fini Velour de Walker Textures\u00ae dans la conception globale. Nous assistons en effet \u00e0 une croissance significative dans l&rsquo;utilisation de nos produits d\u00e9polis \u00e0 l&rsquo;acide, car ils sont int\u00e9gr\u00e9s de plus en plus dans l&rsquo;\u00e9laboration de b\u00e2timents, autant en applications int\u00e9rieurs qu\u2019ext\u00e9rieurs. L&rsquo;ajout d&rsquo;un syst\u00e8me sophistiqu\u00e9 de brise-soleil mont\u00e9s sur le mur-rideau d\u2019un immeuble en est un exemple parfait. Notre objectif chez Walker est de fournir \u00e0 nos clients des mat\u00e9riaux innovants et de qualit\u00e9 sup\u00e9rieure qui permettent \u00e0 ces designs cr\u00e9atifs de prendre forme et de faire une diff\u00e9rence \u00bb, a d\u00e9clar\u00e9 Ross Christie, vice-pr\u00e9sident des ventes et du marketing chez La Verrerie Walker.<\/p>\n<p>L&rsquo;\u00e9quipe de Vitrum observe \u00e9galement une hausse au niveau de la tendance du verre d\u00e9poli dans diff\u00e9rentes applications.<\/p>\n<p>\u00ab Nous avons constat\u00e9 une demande croissante en ce qui concerne le verre d\u00e9poli \u00e0 l\u2019acide au fini Velour avec \u00e0 une peinture c\u00e9ramique \u00e0 l\u2019endos employ\u00e9 comme tableaux. La finition \u00e0 faible transmission de la lumi\u00e8re est pr\u00e9f\u00e9r\u00e9e par de nombreux clients. Les architectes et la client\u00e8le sont aussi attir\u00e9s par l\u2019effet mat, et la surface lisse du produit d\u00e9poli rend le nettoyage, \u00e0 la fois pendant le processus de fabrication et sur le terrain, beaucoup plus facile que les autres produits d\u00e9polis sur le march\u00e9. Il existe \u00e9galement un int\u00e9r\u00eat grandissant pour les produits d\u00e9polis car leur faible diffusion de la lumi\u00e8re agit comme une alternative \u00e0 l\u2019apparence brillante typiquement associ\u00e9e au verre \u00bb, a d\u00e9clar\u00e9 Michael Zizek.<\/p>\n<p>Lorsqu&rsquo;un projet aussi remarquable que le nouvel \u00e9difice de la compagnie Amazon est r\u00e9alis\u00e9, diff\u00e9rentes approches sont adopt\u00e9es pour atteindre cet objectif final sans pr\u00e9c\u00e9dent. L&rsquo;approche novatrice de Vitrum impliquant de multiples produits en un seul morceau de verre, associ\u00e9 \u00e0 l&rsquo;expertise en d\u00e9polissage \u00e0 l\u2019acide de La Verrerie Walker et au verre \u00e0 faible teneur en fer haut de gamme Starphire\u00ae de Vitro \u00e9taient \u00e9tait sans doute la meilleure option pour accomplir un tel travail.<\/p>\n<p>\u201cLa collaboration est la meilleure fa\u00e7on de travailler. C&rsquo;est la seule fa\u00e7on de travailler, vraiment.\u201d \u2014 Antony Starr, acteur n\u00e9o-z\u00e9landais.<\/p>\n<p>========================<\/p>\n<p>Projet : Day 1, aussi connu sous le nom de Amazon Tower II alias Rufus 2.0 Block 19, Seattle, WA<\/p>\n<p>Firme Architecturale : NBBJ<\/p>\n<p>Transformateur : Vitrum Glass Group<\/p>\n<p>Installateur : Walters and Wolf<\/p>\n<p>Verre \u00e0 faible teneur en fer : Vitro (PPG) Starphire\u00ae<\/p>\n<p>Manufacturier de verre et de miroir d\u00e9polis \u00e0 l\u2019acide : La Verrerie Walker<\/p>\n<p>Utilisation de produit d\u00e9poli : Fini Textures Velour:\u00a0 Le fini Velour se distingue par sa surface lisse et une plus faible transmission de la lumi\u00e8re, produisant un niveau d&rsquo;obscurit\u00e9 plus \u00e9lev\u00e9.<\/p>\n<p><strong>\u00c0 propos de Vitrum Glass Group :<\/strong><\/p>\n<p>Depuis plus de 20 ans, Vitrum fournit \u00e0 ses clients situ\u00e9s dans le nord-ouest du Pacifique des produits en verre de qualit\u00e9 sup\u00e9rieure \u00e0 partir de son si\u00e8ge social et de son usine de Langley, en Colombie-Britannique (situ\u00e9e \u00e0 40 km \u00e0 l&rsquo;est de Vancouver,BC). \u00c0 partir de leur installation de fabrication de 130 000 pieds carr\u00e9s, 425 employ\u00e9s \u00e0 temps plein travaillent 24 heures sur 24 et 6 jours sur 7 pour produire une vaste gamme de produits architecturaux en verre : vitrages isolants, verre renforc\u00e9, verre durci, verre tremp\u00e9, verre pour des applications d\u2019all\u00e8ges, verre s\u00e9rigraphi\u00e9, portes de douche, portes d&rsquo;entr\u00e9e et verre lamin\u00e9 &#8211; tous disponibles dans des configurations surdimensionn\u00e9es avec une taille de 98 \u00ab\u00a0x 190\u00a0\u00bb pour les unit\u00e9s sell\u00e9es.<\/p>\n<p>&nbsp;<\/p>\n<p><strong>\u00c0 propos de La Verrerie Walker :<\/strong><\/p>\n<p>Durant plus de sept d\u00e9cennies, La Verrerie Walker a grandi, \u00e9volu\u00e9 et s\u2019est constamment adapt\u00e9e \u00e0 un environnement d\u2019affaires en constante \u00e9volution. La Verrerie Walker est le chef de file nord-am\u00e9ricain des substrats de verre d\u00e9coratif. Bien qu\u2019un grand nombre de choses aient chang\u00e9 au cours des ann\u00e9es, les plus importantes sont rest\u00e9es constantes. Adh\u00e9rer \u00e0 la mission et rester fid\u00e8le aux valeurs essentielles sont les fondations de confiance de La Verrerie Walker d\u2019hier, d\u2019aujourd\u2019hui et des d\u00e9cennies \u00e0 venir.<\/p>\n<p>[\/et_pb_text][\/et_pb_column][\/et_pb_row][\/et_pb_section]<\/p>\n","protected":false},"excerpt":{"rendered":"<p>La r\u00e9alisation d&rsquo;une solution de vitrage tout \u00e0 fait remarquable comme celle install\u00e9e sur le nouvel \u00e9difice d\u2019Amazon \u00e0 Seattle a n\u00e9cessit\u00e9 une collaboration consciencieuse de la part de plusieurs transformateurs de grande exp\u00e9rience. Le mariage de divers produits sp\u00e9cifiques a donc occasionn\u00e9 un immeuble \u00e0 l\u2019esth\u00e9tisme distingu\u00e9. Le vitrage en question est compos\u00e9 de [&hellip;]<\/p>\n","protected":false},"author":5,"featured_media":5052,"comment_status":"closed","ping_status":"open","sticky":false,"template":"","format":"standard","meta":{"_acf_changed":false,"_et_pb_use_builder":"on","_et_pb_old_content":"","_et_gb_content_width":"","footnotes":""},"articles-subject":[446,208],"class_list":["post-5062","post","type-post","status-publish","format-standard","has-post-thumbnail","hentry","articles-subject-application-exterieure","articles-subject-verre-depoli-a-lacide"],"acf":[],"yoast_head":"<!-- This site is optimized with the Yoast SEO plugin v26.9 - https:\/\/yoast.com\/product\/yoast-seo-wordpress\/ -->\n<title>Les brise-soleil en verre d&#039;\u00e9difice d\u2019Amazon \u00e0 Seattle | Verrerie Walker<\/title>\n<meta name=\"description\" content=\"La nouvel \u00e9difice d\u2019Amazon \u00e0 Seattle a n\u00e9cessit\u00e9 une collaboration de la part de plusieurs transformateurs de verre de grande exp\u00e9rience.\" \/>\n<meta name=\"robots\" content=\"index, follow, max-snippet:-1, max-image-preview:large, max-video-preview:-1\" \/>\n<link rel=\"canonical\" href=\"https:\/\/www.walkerglass.com\/fr\/les-voir-de-loin-les-brise-soleil-en-verre-du-nouvel-edifice-damazon-a-seattle\/\" \/>\n<meta property=\"og:locale\" content=\"fr_FR\" \/>\n<meta property=\"og:type\" content=\"article\" \/>\n<meta property=\"og:title\" content=\"Les brise-soleil en verre d&#039;\u00e9difice d\u2019Amazon \u00e0 Seattle | Verrerie Walker\" \/>\n<meta property=\"og:description\" content=\"La nouvel \u00e9difice d\u2019Amazon \u00e0 Seattle a n\u00e9cessit\u00e9 une collaboration de la part de plusieurs transformateurs de verre de grande exp\u00e9rience.\" \/>\n<meta property=\"og:url\" content=\"https:\/\/www.walkerglass.com\/fr\/les-voir-de-loin-les-brise-soleil-en-verre-du-nouvel-edifice-damazon-a-seattle\/\" \/>\n<meta property=\"og:site_name\" content=\"Verrerie Walker\" \/>\n<meta property=\"article:publisher\" content=\"https:\/\/www.facebook.com\/WalkerGlassCo\/\" \/>\n<meta property=\"article:published_time\" content=\"2019-03-28T20:58:05+00:00\" \/>\n<meta property=\"article:modified_time\" content=\"2021-05-25T14:29:08+00:00\" \/>\n<meta property=\"og:image\" content=\"https:\/\/www.walkerglass.com\/wp-content\/uploads\/2019\/03\/amazon-day-1-velour-etched-laminated-with-orange-and-white-interlayeres-3-featured.jpg\" \/>\n\t<meta property=\"og:image:width\" content=\"772\" \/>\n\t<meta property=\"og:image:height\" content=\"580\" \/>\n\t<meta property=\"og:image:type\" content=\"image\/jpeg\" \/>\n<meta name=\"author\" content=\"danik\" \/>\n<meta name=\"twitter:card\" content=\"summary_large_image\" \/>\n<meta name=\"twitter:creator\" content=\"@WalkerTextures\" \/>\n<meta name=\"twitter:site\" content=\"@WalkerTextures\" \/>\n<meta name=\"twitter:label1\" content=\"\u00c9crit par\" \/>\n\t<meta name=\"twitter:data1\" content=\"danik\" \/>\n\t<meta name=\"twitter:label2\" content=\"Dur\u00e9e de lecture estim\u00e9e\" \/>\n\t<meta name=\"twitter:data2\" content=\"7 minutes\" \/>\n<script type=\"application\/ld+json\" class=\"yoast-schema-graph\">{\"@context\":\"https:\/\/schema.org\",\"@graph\":[{\"@type\":\"Article\",\"@id\":\"https:\/\/www.walkerglass.com\/fr\/les-voir-de-loin-les-brise-soleil-en-verre-du-nouvel-edifice-damazon-a-seattle\/#article\",\"isPartOf\":{\"@id\":\"https:\/\/www.walkerglass.com\/fr\/les-voir-de-loin-les-brise-soleil-en-verre-du-nouvel-edifice-damazon-a-seattle\/\"},\"author\":{\"name\":\"danik\",\"@id\":\"https:\/\/www.walkerglass.com\/#\/schema\/person\/ed479110376a8a2d01e15550aada87c7\"},\"headline\":\"Les voir de loin : Les brise-soleil en verre du nouvel \u00e9difice d\u2019Amazon \u00e0 Seattle\",\"datePublished\":\"2019-03-28T20:58:05+00:00\",\"dateModified\":\"2021-05-25T14:29:08+00:00\",\"mainEntityOfPage\":{\"@id\":\"https:\/\/www.walkerglass.com\/fr\/les-voir-de-loin-les-brise-soleil-en-verre-du-nouvel-edifice-damazon-a-seattle\/\"},\"wordCount\":1486,\"publisher\":{\"@id\":\"https:\/\/www.walkerglass.com\/#organization\"},\"image\":{\"@id\":\"https:\/\/www.walkerglass.com\/fr\/les-voir-de-loin-les-brise-soleil-en-verre-du-nouvel-edifice-damazon-a-seattle\/#primaryimage\"},\"thumbnailUrl\":\"https:\/\/www.walkerglass.com\/wp-content\/uploads\/2019\/03\/amazon-day-1-velour-etched-laminated-with-orange-and-white-interlayeres-3-featured.jpg\",\"inLanguage\":\"fr-FR\"},{\"@type\":\"WebPage\",\"@id\":\"https:\/\/www.walkerglass.com\/fr\/les-voir-de-loin-les-brise-soleil-en-verre-du-nouvel-edifice-damazon-a-seattle\/\",\"url\":\"https:\/\/www.walkerglass.com\/fr\/les-voir-de-loin-les-brise-soleil-en-verre-du-nouvel-edifice-damazon-a-seattle\/\",\"name\":\"Les brise-soleil en verre d'\u00e9difice d\u2019Amazon \u00e0 Seattle | Verrerie Walker\",\"isPartOf\":{\"@id\":\"https:\/\/www.walkerglass.com\/#website\"},\"primaryImageOfPage\":{\"@id\":\"https:\/\/www.walkerglass.com\/fr\/les-voir-de-loin-les-brise-soleil-en-verre-du-nouvel-edifice-damazon-a-seattle\/#primaryimage\"},\"image\":{\"@id\":\"https:\/\/www.walkerglass.com\/fr\/les-voir-de-loin-les-brise-soleil-en-verre-du-nouvel-edifice-damazon-a-seattle\/#primaryimage\"},\"thumbnailUrl\":\"https:\/\/www.walkerglass.com\/wp-content\/uploads\/2019\/03\/amazon-day-1-velour-etched-laminated-with-orange-and-white-interlayeres-3-featured.jpg\",\"datePublished\":\"2019-03-28T20:58:05+00:00\",\"dateModified\":\"2021-05-25T14:29:08+00:00\",\"description\":\"La nouvel \u00e9difice d\u2019Amazon \u00e0 Seattle a n\u00e9cessit\u00e9 une collaboration de la part de plusieurs transformateurs de verre de grande exp\u00e9rience.\",\"breadcrumb\":{\"@id\":\"https:\/\/www.walkerglass.com\/fr\/les-voir-de-loin-les-brise-soleil-en-verre-du-nouvel-edifice-damazon-a-seattle\/#breadcrumb\"},\"inLanguage\":\"fr-FR\",\"potentialAction\":[{\"@type\":\"ReadAction\",\"target\":[\"https:\/\/www.walkerglass.com\/fr\/les-voir-de-loin-les-brise-soleil-en-verre-du-nouvel-edifice-damazon-a-seattle\/\"]}]},{\"@type\":\"ImageObject\",\"inLanguage\":\"fr-FR\",\"@id\":\"https:\/\/www.walkerglass.com\/fr\/les-voir-de-loin-les-brise-soleil-en-verre-du-nouvel-edifice-damazon-a-seattle\/#primaryimage\",\"url\":\"https:\/\/www.walkerglass.com\/wp-content\/uploads\/2019\/03\/amazon-day-1-velour-etched-laminated-with-orange-and-white-interlayeres-3-featured.jpg\",\"contentUrl\":\"https:\/\/www.walkerglass.com\/wp-content\/uploads\/2019\/03\/amazon-day-1-velour-etched-laminated-with-orange-and-white-interlayeres-3-featured.jpg\",\"width\":772,\"height\":580},{\"@type\":\"BreadcrumbList\",\"@id\":\"https:\/\/www.walkerglass.com\/fr\/les-voir-de-loin-les-brise-soleil-en-verre-du-nouvel-edifice-damazon-a-seattle\/#breadcrumb\",\"itemListElement\":[{\"@type\":\"ListItem\",\"position\":1,\"name\":\"Accueil\"},{\"@type\":\"ListItem\",\"position\":2,\"name\":\"Les voir de loin : Les brise-soleil en verre du nouvel \u00e9difice d\u2019Amazon \u00e0 Seattle\"}]},{\"@type\":\"WebSite\",\"@id\":\"https:\/\/www.walkerglass.com\/#website\",\"url\":\"https:\/\/www.walkerglass.com\/\",\"name\":\"Verrerie Walker\",\"description\":\"\",\"publisher\":{\"@id\":\"https:\/\/www.walkerglass.com\/#organization\"},\"potentialAction\":[{\"@type\":\"SearchAction\",\"target\":{\"@type\":\"EntryPoint\",\"urlTemplate\":\"https:\/\/www.walkerglass.com\/?s={search_term_string}\"},\"query-input\":{\"@type\":\"PropertyValueSpecification\",\"valueRequired\":true,\"valueName\":\"search_term_string\"}}],\"inLanguage\":\"fr-FR\"},{\"@type\":\"Organization\",\"@id\":\"https:\/\/www.walkerglass.com\/#organization\",\"name\":\"Verrerie Walker\",\"url\":\"https:\/\/www.walkerglass.com\/\",\"logo\":{\"@type\":\"ImageObject\",\"inLanguage\":\"fr-FR\",\"@id\":\"https:\/\/www.walkerglass.com\/#\/schema\/logo\/image\/\",\"url\":\"https:\/\/www.walkerglass.com\/wp-content\/uploads\/2021\/03\/logo-walker-noir-1.png\",\"contentUrl\":\"https:\/\/www.walkerglass.com\/wp-content\/uploads\/2021\/03\/logo-walker-noir-1.png\",\"width\":2048,\"height\":282,\"caption\":\"Verrerie Walker\"},\"image\":{\"@id\":\"https:\/\/www.walkerglass.com\/#\/schema\/logo\/image\/\"},\"sameAs\":[\"https:\/\/www.facebook.com\/WalkerGlassCo\/\",\"https:\/\/x.com\/WalkerTextures\",\"https:\/\/www.instagram.com\/walkerglassco\/\",\"https:\/\/ca.linkedin.com\/company\/walker-glass\",\"https:\/\/www.youtube.com\/user\/WalkerGlassTextures\"]},{\"@type\":\"Person\",\"@id\":\"https:\/\/www.walkerglass.com\/#\/schema\/person\/ed479110376a8a2d01e15550aada87c7\",\"name\":\"danik\",\"image\":{\"@type\":\"ImageObject\",\"inLanguage\":\"fr-FR\",\"@id\":\"https:\/\/www.walkerglass.com\/#\/schema\/person\/image\/\",\"url\":\"https:\/\/secure.gravatar.com\/avatar\/8299c11d25de210a1f035829dfc75d7f6529e684e5c6f236a588f2e2f1c988b4?s=96&d=mm&r=g\",\"contentUrl\":\"https:\/\/secure.gravatar.com\/avatar\/8299c11d25de210a1f035829dfc75d7f6529e684e5c6f236a588f2e2f1c988b4?s=96&d=mm&r=g\",\"caption\":\"danik\"},\"url\":\"https:\/\/www.walkerglass.com\/fr\/author\/danik\/\"}]}<\/script>\n<!-- \/ Yoast SEO plugin. -->","yoast_head_json":{"title":"Les brise-soleil en verre d'\u00e9difice d\u2019Amazon \u00e0 Seattle | Verrerie Walker","description":"La nouvel \u00e9difice d\u2019Amazon \u00e0 Seattle a n\u00e9cessit\u00e9 une collaboration de la part de plusieurs transformateurs de verre de grande exp\u00e9rience.","robots":{"index":"index","follow":"follow","max-snippet":"max-snippet:-1","max-image-preview":"max-image-preview:large","max-video-preview":"max-video-preview:-1"},"canonical":"https:\/\/www.walkerglass.com\/fr\/les-voir-de-loin-les-brise-soleil-en-verre-du-nouvel-edifice-damazon-a-seattle\/","og_locale":"fr_FR","og_type":"article","og_title":"Les brise-soleil en verre d'\u00e9difice d\u2019Amazon \u00e0 Seattle | Verrerie Walker","og_description":"La nouvel \u00e9difice d\u2019Amazon \u00e0 Seattle a n\u00e9cessit\u00e9 une collaboration de la part de plusieurs transformateurs de verre de grande exp\u00e9rience.","og_url":"https:\/\/www.walkerglass.com\/fr\/les-voir-de-loin-les-brise-soleil-en-verre-du-nouvel-edifice-damazon-a-seattle\/","og_site_name":"Verrerie Walker","article_publisher":"https:\/\/www.facebook.com\/WalkerGlassCo\/","article_published_time":"2019-03-28T20:58:05+00:00","article_modified_time":"2021-05-25T14:29:08+00:00","og_image":[{"width":772,"height":580,"url":"https:\/\/www.walkerglass.com\/wp-content\/uploads\/2019\/03\/amazon-day-1-velour-etched-laminated-with-orange-and-white-interlayeres-3-featured.jpg","type":"image\/jpeg"}],"author":"danik","twitter_card":"summary_large_image","twitter_creator":"@WalkerTextures","twitter_site":"@WalkerTextures","twitter_misc":{"\u00c9crit par":"danik","Dur\u00e9e de lecture estim\u00e9e":"7 minutes"},"schema":{"@context":"https:\/\/schema.org","@graph":[{"@type":"Article","@id":"https:\/\/www.walkerglass.com\/fr\/les-voir-de-loin-les-brise-soleil-en-verre-du-nouvel-edifice-damazon-a-seattle\/#article","isPartOf":{"@id":"https:\/\/www.walkerglass.com\/fr\/les-voir-de-loin-les-brise-soleil-en-verre-du-nouvel-edifice-damazon-a-seattle\/"},"author":{"name":"danik","@id":"https:\/\/www.walkerglass.com\/#\/schema\/person\/ed479110376a8a2d01e15550aada87c7"},"headline":"Les voir de loin : Les brise-soleil en verre du nouvel \u00e9difice d\u2019Amazon \u00e0 Seattle","datePublished":"2019-03-28T20:58:05+00:00","dateModified":"2021-05-25T14:29:08+00:00","mainEntityOfPage":{"@id":"https:\/\/www.walkerglass.com\/fr\/les-voir-de-loin-les-brise-soleil-en-verre-du-nouvel-edifice-damazon-a-seattle\/"},"wordCount":1486,"publisher":{"@id":"https:\/\/www.walkerglass.com\/#organization"},"image":{"@id":"https:\/\/www.walkerglass.com\/fr\/les-voir-de-loin-les-brise-soleil-en-verre-du-nouvel-edifice-damazon-a-seattle\/#primaryimage"},"thumbnailUrl":"https:\/\/www.walkerglass.com\/wp-content\/uploads\/2019\/03\/amazon-day-1-velour-etched-laminated-with-orange-and-white-interlayeres-3-featured.jpg","inLanguage":"fr-FR"},{"@type":"WebPage","@id":"https:\/\/www.walkerglass.com\/fr\/les-voir-de-loin-les-brise-soleil-en-verre-du-nouvel-edifice-damazon-a-seattle\/","url":"https:\/\/www.walkerglass.com\/fr\/les-voir-de-loin-les-brise-soleil-en-verre-du-nouvel-edifice-damazon-a-seattle\/","name":"Les brise-soleil en verre d'\u00e9difice d\u2019Amazon \u00e0 Seattle | Verrerie Walker","isPartOf":{"@id":"https:\/\/www.walkerglass.com\/#website"},"primaryImageOfPage":{"@id":"https:\/\/www.walkerglass.com\/fr\/les-voir-de-loin-les-brise-soleil-en-verre-du-nouvel-edifice-damazon-a-seattle\/#primaryimage"},"image":{"@id":"https:\/\/www.walkerglass.com\/fr\/les-voir-de-loin-les-brise-soleil-en-verre-du-nouvel-edifice-damazon-a-seattle\/#primaryimage"},"thumbnailUrl":"https:\/\/www.walkerglass.com\/wp-content\/uploads\/2019\/03\/amazon-day-1-velour-etched-laminated-with-orange-and-white-interlayeres-3-featured.jpg","datePublished":"2019-03-28T20:58:05+00:00","dateModified":"2021-05-25T14:29:08+00:00","description":"La nouvel \u00e9difice d\u2019Amazon \u00e0 Seattle a n\u00e9cessit\u00e9 une collaboration de la part de plusieurs transformateurs de verre de grande exp\u00e9rience.","breadcrumb":{"@id":"https:\/\/www.walkerglass.com\/fr\/les-voir-de-loin-les-brise-soleil-en-verre-du-nouvel-edifice-damazon-a-seattle\/#breadcrumb"},"inLanguage":"fr-FR","potentialAction":[{"@type":"ReadAction","target":["https:\/\/www.walkerglass.com\/fr\/les-voir-de-loin-les-brise-soleil-en-verre-du-nouvel-edifice-damazon-a-seattle\/"]}]},{"@type":"ImageObject","inLanguage":"fr-FR","@id":"https:\/\/www.walkerglass.com\/fr\/les-voir-de-loin-les-brise-soleil-en-verre-du-nouvel-edifice-damazon-a-seattle\/#primaryimage","url":"https:\/\/www.walkerglass.com\/wp-content\/uploads\/2019\/03\/amazon-day-1-velour-etched-laminated-with-orange-and-white-interlayeres-3-featured.jpg","contentUrl":"https:\/\/www.walkerglass.com\/wp-content\/uploads\/2019\/03\/amazon-day-1-velour-etched-laminated-with-orange-and-white-interlayeres-3-featured.jpg","width":772,"height":580},{"@type":"BreadcrumbList","@id":"https:\/\/www.walkerglass.com\/fr\/les-voir-de-loin-les-brise-soleil-en-verre-du-nouvel-edifice-damazon-a-seattle\/#breadcrumb","itemListElement":[{"@type":"ListItem","position":1,"name":"Accueil"},{"@type":"ListItem","position":2,"name":"Les voir de loin : Les brise-soleil en verre du nouvel \u00e9difice d\u2019Amazon \u00e0 Seattle"}]},{"@type":"WebSite","@id":"https:\/\/www.walkerglass.com\/#website","url":"https:\/\/www.walkerglass.com\/","name":"Verrerie Walker","description":"","publisher":{"@id":"https:\/\/www.walkerglass.com\/#organization"},"potentialAction":[{"@type":"SearchAction","target":{"@type":"EntryPoint","urlTemplate":"https:\/\/www.walkerglass.com\/?s={search_term_string}"},"query-input":{"@type":"PropertyValueSpecification","valueRequired":true,"valueName":"search_term_string"}}],"inLanguage":"fr-FR"},{"@type":"Organization","@id":"https:\/\/www.walkerglass.com\/#organization","name":"Verrerie Walker","url":"https:\/\/www.walkerglass.com\/","logo":{"@type":"ImageObject","inLanguage":"fr-FR","@id":"https:\/\/www.walkerglass.com\/#\/schema\/logo\/image\/","url":"https:\/\/www.walkerglass.com\/wp-content\/uploads\/2021\/03\/logo-walker-noir-1.png","contentUrl":"https:\/\/www.walkerglass.com\/wp-content\/uploads\/2021\/03\/logo-walker-noir-1.png","width":2048,"height":282,"caption":"Verrerie Walker"},"image":{"@id":"https:\/\/www.walkerglass.com\/#\/schema\/logo\/image\/"},"sameAs":["https:\/\/www.facebook.com\/WalkerGlassCo\/","https:\/\/x.com\/WalkerTextures","https:\/\/www.instagram.com\/walkerglassco\/","https:\/\/ca.linkedin.com\/company\/walker-glass","https:\/\/www.youtube.com\/user\/WalkerGlassTextures"]},{"@type":"Person","@id":"https:\/\/www.walkerglass.com\/#\/schema\/person\/ed479110376a8a2d01e15550aada87c7","name":"danik","image":{"@type":"ImageObject","inLanguage":"fr-FR","@id":"https:\/\/www.walkerglass.com\/#\/schema\/person\/image\/","url":"https:\/\/secure.gravatar.com\/avatar\/8299c11d25de210a1f035829dfc75d7f6529e684e5c6f236a588f2e2f1c988b4?s=96&d=mm&r=g","contentUrl":"https:\/\/secure.gravatar.com\/avatar\/8299c11d25de210a1f035829dfc75d7f6529e684e5c6f236a588f2e2f1c988b4?s=96&d=mm&r=g","caption":"danik"},"url":"https:\/\/www.walkerglass.com\/fr\/author\/danik\/"}]}},"_links":{"self":[{"href":"https:\/\/www.walkerglass.com\/fr\/wp-json\/wp\/v2\/posts\/5062","targetHints":{"allow":["GET"]}}],"collection":[{"href":"https:\/\/www.walkerglass.com\/fr\/wp-json\/wp\/v2\/posts"}],"about":[{"href":"https:\/\/www.walkerglass.com\/fr\/wp-json\/wp\/v2\/types\/post"}],"author":[{"embeddable":true,"href":"https:\/\/www.walkerglass.com\/fr\/wp-json\/wp\/v2\/users\/5"}],"replies":[{"embeddable":true,"href":"https:\/\/www.walkerglass.com\/fr\/wp-json\/wp\/v2\/comments?post=5062"}],"version-history":[{"count":7,"href":"https:\/\/www.walkerglass.com\/fr\/wp-json\/wp\/v2\/posts\/5062\/revisions"}],"predecessor-version":[{"id":12850,"href":"https:\/\/www.walkerglass.com\/fr\/wp-json\/wp\/v2\/posts\/5062\/revisions\/12850"}],"wp:featuredmedia":[{"embeddable":true,"href":"https:\/\/www.walkerglass.com\/fr\/wp-json\/wp\/v2\/media\/5052"}],"wp:attachment":[{"href":"https:\/\/www.walkerglass.com\/fr\/wp-json\/wp\/v2\/media?parent=5062"}],"wp:term":[{"taxonomy":"articles-subject","embeddable":true,"href":"https:\/\/www.walkerglass.com\/fr\/wp-json\/wp\/v2\/articles-subject?post=5062"}],"curies":[{"name":"wp","href":"https:\/\/api.w.org\/{rel}","templated":true}]}}