{"id":5015,"date":"2019-03-28T16:32:57","date_gmt":"2019-03-28T20:32:57","guid":{"rendered":"http:\/\/www.walkerglass.com\/?p=5015"},"modified":"2023-03-16T13:24:41","modified_gmt":"2023-03-16T17:24:41","slug":"verre-depoli-a-lacide-sur-deux-faces","status":"publish","type":"post","link":"https:\/\/www.walkerglass.com\/fr\/blogue\/verre-depoli-a-lacide-sur-deux-faces\/","title":{"rendered":"Verre d\u00e9poli \u00e0 l\u2019acide sur deux faces"},"content":{"rendered":"\t\t<div class=\"et_pb_section et_pb_with_background et_section_regular breadcrumbs_section\">\n\t\t\t<div class=\" et_pb_row breadcrumbs_row\">\n\t\t\t\t<div class=\"et_pb_column et_pb_column_4_4 breadcrumbs_column\">\n\t\t\t\t\t<div class=\"et_pb_code et_pb_module breadcrumbs_module\">\n\t\t\t\t\t\t<span><span>Accueil<\/span><\/span>\t\t\t\t\t<\/div> <!-- .et_pb_code -->\n\t\t\t\t<\/div> <!-- .et_pb_column -->\n\t\t\t<\/div> <!-- .et_pb_row -->\n\t\t<\/div>\n\t\t<p>[et_pb_section fb_built=\u00a0\u00bb1&Prime; _builder_version=\u00a0\u00bb4.16&Prime; global_colors_info=\u00a0\u00bb{}\u00a0\u00bb][et_pb_row _builder_version=\u00a0\u00bb4.16&Prime; background_size=\u00a0\u00bbinitial\u00a0\u00bb background_position=\u00a0\u00bbtop_left\u00a0\u00bb background_repeat=\u00a0\u00bbrepeat\u00a0\u00bb global_colors_info=\u00a0\u00bb{}\u00a0\u00bb][et_pb_column type=\u00a0\u00bb4_4&Prime; _builder_version=\u00a0\u00bb4.16&Prime; custom_padding=\u00a0\u00bb|||\u00a0\u00bb global_colors_info=\u00a0\u00bb{}\u00a0\u00bb custom_padding__hover=\u00a0\u00bb|||\u00a0\u00bb][et_pb_text _builder_version=\u00a0\u00bb4.20.0&Prime; hover_enabled=\u00a0\u00bb0&Prime; global_colors_info=\u00a0\u00bb{}\u00a0\u00bb sticky_enabled=\u00a0\u00bb0&Prime;]<\/p>\n<p><strong>Il y a toujours deux c\u00f4t\u00e9s \u00e0 chaque m\u00e9daille; alors, pourquoi ne pas avoir du verre d\u00e9poli \u00e0 l\u2019acide sur les deux c\u00f4t\u00e9s!<\/strong><\/p>\n<p>Il y a plusieurs applications pour le verre d\u00e9poli \u00e0 l\u2019acide sur les deux faces. Ces applications peuvent \u00eatre utilis\u00e9es autant pour le r\u00e9sidentiel que pour des b\u00e2timents commerciaux.<\/p>\n<p>Les applications les plus communes sont les suivantes :<\/p>\n<ul>\n<li>Portes int\u00e9rieures<\/li>\n<li>Cloisons de bureau<\/li>\n<li>Rampes<\/li>\n<li>Rayonnages<\/li>\n<li>Composantes de meubles<\/li>\n<li>Divisions int\u00e9rieures<\/li>\n<li>Unit\u00e9s scell\u00e9es<\/li>\n<li>Et plus\u2026<\/li>\n<\/ul>\n<p>Le verre d\u00e9poli \u00e0 l\u2019acide sur deux faces a plusieurs avantages :<\/p>\n<ul>\n<li>\u00a0Il est plus opaque que le verre d\u00e9poli sur une surface, ce qui est parfait pour ceux qui veulent plus d\u2019intimit\u00e9 ou on peut l\u2019utiliser pour les panneaux tympans dans les fa\u00e7ades vitr\u00e9es d\u2019immeuble<\/li>\n<li>Fini uniforme sur les deux faces<\/li>\n<li>R\u00e9duction des reflets de lumi\u00e8re sur les deux faces du verre<\/li>\n<li>Flexibilit\u00e9 d\u2019effets visuels diff\u00e9rents: Opaque\/Opaque, Velour\/Velour et Satin\/Satin<\/li>\n<li>Finalement, il offre l\u2019unique possibilit\u00e9 de combiner le d\u00e9polissage pleine surface sur un c\u00f4t\u00e9 et un motif d\u00e9poli \u00e0 l\u2019acide sur l\u2019autre c\u00f4t\u00e9.<\/li>\n<\/ul>\n<p>&nbsp;<\/p>\n<p>[\/et_pb_text][et_pb_image src=\u00a0\u00bbhttps:\/\/walkerglass.com\/wp-content\/uploads\/2019\/03\/nuance-pattern-511-acid-etch-glass-2-faces-body.jpg\u00a0\u00bb align_tablet=\u00a0\u00bbcenter\u00a0\u00bb align_phone=\u00a0\u00bbcenter\u00a0\u00bb align_last_edited=\u00a0\u00bbon|desktop\u00a0\u00bb _builder_version=\u00a0\u00bb4.16&Prime; global_colors_info=\u00a0\u00bb{}\u00a0\u00bb][\/et_pb_image][et_pb_image src=\u00a0\u00bbhttps:\/\/walkerglass.com\/wp-content\/uploads\/2019\/03\/nuance-pattern-512-acid-etch-glass-2-faces-body.jpg\u00a0\u00bb align_tablet=\u00a0\u00bbcenter\u00a0\u00bb align_phone=\u00a0\u00bbcenter\u00a0\u00bb align_last_edited=\u00a0\u00bbon|desktop\u00a0\u00bb _builder_version=\u00a0\u00bb4.16&Prime; global_colors_info=\u00a0\u00bb{}\u00a0\u00bb][\/et_pb_image][et_pb_text _builder_version=\u00a0\u00bb4.20.0&Prime; hover_enabled=\u00a0\u00bb0&Prime; global_colors_info=\u00a0\u00bb{}\u00a0\u00bb sticky_enabled=\u00a0\u00bb0&Prime;]<\/p>\n<p>Pouvoir faire des motifs sur les deux faces du verre est un tout nouvel \u00e9l\u00e9ment de la ligne de produit. Cette caract\u00e9ristique donne l&rsquo;impression que le verre \u00e0 plus de profondeur.<\/p>\n<p>Ceci est tr\u00e8s int\u00e9ressant en termes de possibilit\u00e9s innovatrices pour les architectes et designers. L\u2019addition de cette caract\u00e9ristique, le verre d\u00e9poli \u00e0 l\u2019acide sur les deux faces, stimulera \u00e9galement l\u2019imagination des architectes et designers et facilitera la cr\u00e9ation de leurs propres motifs sur mesure.<\/p>\n<p>[\/et_pb_text][\/et_pb_column][\/et_pb_row][\/et_pb_section]<\/p>\n","protected":false},"excerpt":{"rendered":"<p>Il y a toujours deux c\u00f4t\u00e9s \u00e0 chaque m\u00e9daille; alors, pourquoi ne pas avoir du verre d\u00e9poli \u00e0 l\u2019acide sur les deux c\u00f4t\u00e9s! Il y a plusieurs applications pour le verre d\u00e9poli \u00e0 l\u2019acide sur les deux faces. Ces applications peuvent \u00eatre utilis\u00e9es autant pour le r\u00e9sidentiel que pour des b\u00e2timents commerciaux. Les applications les [&hellip;]<\/p>\n","protected":false},"author":5,"featured_media":5011,"comment_status":"closed","ping_status":"open","sticky":false,"template":"","format":"standard","meta":{"_acf_changed":false,"_et_pb_use_builder":"on","_et_pb_old_content":"","_et_gb_content_width":"","footnotes":""},"articles-subject":[208],"class_list":["post-5015","post","type-post","status-publish","format-standard","has-post-thumbnail","hentry","articles-subject-verre-depoli-a-lacide"],"acf":[],"yoast_head":"<!-- This site is optimized with the Yoast SEO plugin v27.5 - https:\/\/yoast.com\/product\/yoast-seo-wordpress\/ -->\n<title>Verre d\u00e9poli \u00e0 l\u2019acide sur deux faces | Verrerie Walker<\/title>\n<meta name=\"description\" content=\"Verre d\u00e9poli \u00e0 l\u2019acide sur deux faces : Bonne lecture sur notre blog !\" \/>\n<meta name=\"robots\" content=\"index, follow, max-snippet:-1, max-image-preview:large, max-video-preview:-1\" \/>\n<link rel=\"canonical\" href=\"https:\/\/www.walkerglass.com\/fr\/verre-depoli-a-lacide-sur-deux-faces\/\" \/>\n<meta property=\"og:locale\" content=\"fr_FR\" \/>\n<meta property=\"og:type\" content=\"article\" \/>\n<meta property=\"og:title\" content=\"Verre d\u00e9poli \u00e0 l\u2019acide sur deux faces | Verrerie Walker\" \/>\n<meta property=\"og:description\" content=\"Verre d\u00e9poli \u00e0 l\u2019acide sur deux faces : Bonne lecture sur notre blog !\" \/>\n<meta property=\"og:url\" content=\"https:\/\/www.walkerglass.com\/fr\/verre-depoli-a-lacide-sur-deux-faces\/\" \/>\n<meta property=\"og:site_name\" content=\"Verrerie Walker\" \/>\n<meta property=\"article:publisher\" content=\"https:\/\/www.facebook.com\/WalkerGlassCo\/\" \/>\n<meta property=\"article:published_time\" content=\"2019-03-28T20:32:57+00:00\" \/>\n<meta property=\"article:modified_time\" content=\"2023-03-16T17:24:41+00:00\" \/>\n<meta property=\"og:image\" content=\"https:\/\/www.walkerglass.com\/wp-content\/uploads\/2019\/03\/walker-entrance-featured.jpg\" \/>\n\t<meta property=\"og:image:width\" content=\"772\" \/>\n\t<meta property=\"og:image:height\" content=\"580\" \/>\n\t<meta property=\"og:image:type\" content=\"image\/jpeg\" \/>\n<meta name=\"author\" content=\"danik\" \/>\n<meta name=\"twitter:card\" content=\"summary_large_image\" \/>\n<meta name=\"twitter:creator\" content=\"@WalkerTextures\" \/>\n<meta name=\"twitter:site\" content=\"@WalkerTextures\" \/>\n<meta name=\"twitter:label1\" content=\"\u00c9crit par\" \/>\n\t<meta name=\"twitter:data1\" content=\"danik\" \/>\n\t<meta name=\"twitter:label2\" content=\"Dur\u00e9e de lecture estim\u00e9e\" \/>\n\t<meta name=\"twitter:data2\" content=\"2 minutes\" \/>\n<script type=\"application\/ld+json\" class=\"yoast-schema-graph\">{\"@context\":\"https:\\\/\\\/schema.org\",\"@graph\":[{\"@type\":\"Article\",\"@id\":\"https:\\\/\\\/www.walkerglass.com\\\/fr\\\/verre-depoli-a-lacide-sur-deux-faces\\\/#article\",\"isPartOf\":{\"@id\":\"https:\\\/\\\/www.walkerglass.com\\\/fr\\\/verre-depoli-a-lacide-sur-deux-faces\\\/\"},\"author\":{\"name\":\"danik\",\"@id\":\"https:\\\/\\\/www.walkerglass.com\\\/#\\\/schema\\\/person\\\/ed479110376a8a2d01e15550aada87c7\"},\"headline\":\"Verre d\u00e9poli \u00e0 l\u2019acide sur deux faces\",\"datePublished\":\"2019-03-28T20:32:57+00:00\",\"dateModified\":\"2023-03-16T17:24:41+00:00\",\"mainEntityOfPage\":{\"@id\":\"https:\\\/\\\/www.walkerglass.com\\\/fr\\\/verre-depoli-a-lacide-sur-deux-faces\\\/\"},\"wordCount\":440,\"publisher\":{\"@id\":\"https:\\\/\\\/www.walkerglass.com\\\/#organization\"},\"image\":{\"@id\":\"https:\\\/\\\/www.walkerglass.com\\\/fr\\\/verre-depoli-a-lacide-sur-deux-faces\\\/#primaryimage\"},\"thumbnailUrl\":\"https:\\\/\\\/www.walkerglass.com\\\/wp-content\\\/uploads\\\/2019\\\/03\\\/walker-entrance-featured.jpg\",\"inLanguage\":\"fr-FR\"},{\"@type\":\"WebPage\",\"@id\":\"https:\\\/\\\/www.walkerglass.com\\\/fr\\\/verre-depoli-a-lacide-sur-deux-faces\\\/\",\"url\":\"https:\\\/\\\/www.walkerglass.com\\\/fr\\\/verre-depoli-a-lacide-sur-deux-faces\\\/\",\"name\":\"Verre d\u00e9poli \u00e0 l\u2019acide sur deux faces | Verrerie Walker\",\"isPartOf\":{\"@id\":\"https:\\\/\\\/www.walkerglass.com\\\/#website\"},\"primaryImageOfPage\":{\"@id\":\"https:\\\/\\\/www.walkerglass.com\\\/fr\\\/verre-depoli-a-lacide-sur-deux-faces\\\/#primaryimage\"},\"image\":{\"@id\":\"https:\\\/\\\/www.walkerglass.com\\\/fr\\\/verre-depoli-a-lacide-sur-deux-faces\\\/#primaryimage\"},\"thumbnailUrl\":\"https:\\\/\\\/www.walkerglass.com\\\/wp-content\\\/uploads\\\/2019\\\/03\\\/walker-entrance-featured.jpg\",\"datePublished\":\"2019-03-28T20:32:57+00:00\",\"dateModified\":\"2023-03-16T17:24:41+00:00\",\"description\":\"Verre d\u00e9poli \u00e0 l\u2019acide sur deux faces : Bonne lecture sur notre blog !\",\"breadcrumb\":{\"@id\":\"https:\\\/\\\/www.walkerglass.com\\\/fr\\\/verre-depoli-a-lacide-sur-deux-faces\\\/#breadcrumb\"},\"inLanguage\":\"fr-FR\",\"potentialAction\":[{\"@type\":\"ReadAction\",\"target\":[\"https:\\\/\\\/www.walkerglass.com\\\/fr\\\/verre-depoli-a-lacide-sur-deux-faces\\\/\"]}]},{\"@type\":\"ImageObject\",\"inLanguage\":\"fr-FR\",\"@id\":\"https:\\\/\\\/www.walkerglass.com\\\/fr\\\/verre-depoli-a-lacide-sur-deux-faces\\\/#primaryimage\",\"url\":\"https:\\\/\\\/www.walkerglass.com\\\/wp-content\\\/uploads\\\/2019\\\/03\\\/walker-entrance-featured.jpg\",\"contentUrl\":\"https:\\\/\\\/www.walkerglass.com\\\/wp-content\\\/uploads\\\/2019\\\/03\\\/walker-entrance-featured.jpg\",\"width\":772,\"height\":580},{\"@type\":\"BreadcrumbList\",\"@id\":\"https:\\\/\\\/www.walkerglass.com\\\/fr\\\/verre-depoli-a-lacide-sur-deux-faces\\\/#breadcrumb\",\"itemListElement\":[{\"@type\":\"ListItem\",\"position\":1,\"name\":\"Accueil\"},{\"@type\":\"ListItem\",\"position\":2,\"name\":\"Verre d\u00e9poli \u00e0 l\u2019acide sur deux faces\"}]},{\"@type\":\"WebSite\",\"@id\":\"https:\\\/\\\/www.walkerglass.com\\\/#website\",\"url\":\"https:\\\/\\\/www.walkerglass.com\\\/\",\"name\":\"Verrerie Walker\",\"description\":\"\",\"publisher\":{\"@id\":\"https:\\\/\\\/www.walkerglass.com\\\/#organization\"},\"potentialAction\":[{\"@type\":\"SearchAction\",\"target\":{\"@type\":\"EntryPoint\",\"urlTemplate\":\"https:\\\/\\\/www.walkerglass.com\\\/?s={search_term_string}\"},\"query-input\":{\"@type\":\"PropertyValueSpecification\",\"valueRequired\":true,\"valueName\":\"search_term_string\"}}],\"inLanguage\":\"fr-FR\"},{\"@type\":\"Organization\",\"@id\":\"https:\\\/\\\/www.walkerglass.com\\\/#organization\",\"name\":\"Verrerie Walker\",\"url\":\"https:\\\/\\\/www.walkerglass.com\\\/\",\"logo\":{\"@type\":\"ImageObject\",\"inLanguage\":\"fr-FR\",\"@id\":\"https:\\\/\\\/www.walkerglass.com\\\/#\\\/schema\\\/logo\\\/image\\\/\",\"url\":\"https:\\\/\\\/www.walkerglass.com\\\/wp-content\\\/uploads\\\/2021\\\/03\\\/logo-walker-noir-1.png\",\"contentUrl\":\"https:\\\/\\\/www.walkerglass.com\\\/wp-content\\\/uploads\\\/2021\\\/03\\\/logo-walker-noir-1.png\",\"width\":2048,\"height\":282,\"caption\":\"Verrerie Walker\"},\"image\":{\"@id\":\"https:\\\/\\\/www.walkerglass.com\\\/#\\\/schema\\\/logo\\\/image\\\/\"},\"sameAs\":[\"https:\\\/\\\/www.facebook.com\\\/WalkerGlassCo\\\/\",\"https:\\\/\\\/x.com\\\/WalkerTextures\",\"https:\\\/\\\/www.instagram.com\\\/walkerglassco\\\/\",\"https:\\\/\\\/ca.linkedin.com\\\/company\\\/walker-glass\",\"https:\\\/\\\/www.youtube.com\\\/user\\\/WalkerGlassTextures\"]},{\"@type\":\"Person\",\"@id\":\"https:\\\/\\\/www.walkerglass.com\\\/#\\\/schema\\\/person\\\/ed479110376a8a2d01e15550aada87c7\",\"name\":\"danik\",\"image\":{\"@type\":\"ImageObject\",\"inLanguage\":\"fr-FR\",\"@id\":\"https:\\\/\\\/secure.gravatar.com\\\/avatar\\\/8299c11d25de210a1f035829dfc75d7f6529e684e5c6f236a588f2e2f1c988b4?s=96&d=mm&r=g\",\"url\":\"https:\\\/\\\/secure.gravatar.com\\\/avatar\\\/8299c11d25de210a1f035829dfc75d7f6529e684e5c6f236a588f2e2f1c988b4?s=96&d=mm&r=g\",\"contentUrl\":\"https:\\\/\\\/secure.gravatar.com\\\/avatar\\\/8299c11d25de210a1f035829dfc75d7f6529e684e5c6f236a588f2e2f1c988b4?s=96&d=mm&r=g\",\"caption\":\"danik\"},\"url\":\"https:\\\/\\\/www.walkerglass.com\\\/fr\\\/author\\\/danik\\\/\"}]}<\/script>\n<!-- \/ Yoast SEO plugin. -->","yoast_head_json":{"title":"Verre d\u00e9poli \u00e0 l\u2019acide sur deux faces | Verrerie Walker","description":"Verre d\u00e9poli \u00e0 l\u2019acide sur deux faces : Bonne lecture sur notre blog !","robots":{"index":"index","follow":"follow","max-snippet":"max-snippet:-1","max-image-preview":"max-image-preview:large","max-video-preview":"max-video-preview:-1"},"canonical":"https:\/\/www.walkerglass.com\/fr\/verre-depoli-a-lacide-sur-deux-faces\/","og_locale":"fr_FR","og_type":"article","og_title":"Verre d\u00e9poli \u00e0 l\u2019acide sur deux faces | Verrerie Walker","og_description":"Verre d\u00e9poli \u00e0 l\u2019acide sur deux faces : Bonne lecture sur notre blog !","og_url":"https:\/\/www.walkerglass.com\/fr\/verre-depoli-a-lacide-sur-deux-faces\/","og_site_name":"Verrerie Walker","article_publisher":"https:\/\/www.facebook.com\/WalkerGlassCo\/","article_published_time":"2019-03-28T20:32:57+00:00","article_modified_time":"2023-03-16T17:24:41+00:00","og_image":[{"width":772,"height":580,"url":"https:\/\/www.walkerglass.com\/wp-content\/uploads\/2019\/03\/walker-entrance-featured.jpg","type":"image\/jpeg"}],"author":"danik","twitter_card":"summary_large_image","twitter_creator":"@WalkerTextures","twitter_site":"@WalkerTextures","twitter_misc":{"\u00c9crit par":"danik","Dur\u00e9e de lecture estim\u00e9e":"2 minutes"},"schema":{"@context":"https:\/\/schema.org","@graph":[{"@type":"Article","@id":"https:\/\/www.walkerglass.com\/fr\/verre-depoli-a-lacide-sur-deux-faces\/#article","isPartOf":{"@id":"https:\/\/www.walkerglass.com\/fr\/verre-depoli-a-lacide-sur-deux-faces\/"},"author":{"name":"danik","@id":"https:\/\/www.walkerglass.com\/#\/schema\/person\/ed479110376a8a2d01e15550aada87c7"},"headline":"Verre d\u00e9poli \u00e0 l\u2019acide sur deux faces","datePublished":"2019-03-28T20:32:57+00:00","dateModified":"2023-03-16T17:24:41+00:00","mainEntityOfPage":{"@id":"https:\/\/www.walkerglass.com\/fr\/verre-depoli-a-lacide-sur-deux-faces\/"},"wordCount":440,"publisher":{"@id":"https:\/\/www.walkerglass.com\/#organization"},"image":{"@id":"https:\/\/www.walkerglass.com\/fr\/verre-depoli-a-lacide-sur-deux-faces\/#primaryimage"},"thumbnailUrl":"https:\/\/www.walkerglass.com\/wp-content\/uploads\/2019\/03\/walker-entrance-featured.jpg","inLanguage":"fr-FR"},{"@type":"WebPage","@id":"https:\/\/www.walkerglass.com\/fr\/verre-depoli-a-lacide-sur-deux-faces\/","url":"https:\/\/www.walkerglass.com\/fr\/verre-depoli-a-lacide-sur-deux-faces\/","name":"Verre d\u00e9poli \u00e0 l\u2019acide sur deux faces | Verrerie Walker","isPartOf":{"@id":"https:\/\/www.walkerglass.com\/#website"},"primaryImageOfPage":{"@id":"https:\/\/www.walkerglass.com\/fr\/verre-depoli-a-lacide-sur-deux-faces\/#primaryimage"},"image":{"@id":"https:\/\/www.walkerglass.com\/fr\/verre-depoli-a-lacide-sur-deux-faces\/#primaryimage"},"thumbnailUrl":"https:\/\/www.walkerglass.com\/wp-content\/uploads\/2019\/03\/walker-entrance-featured.jpg","datePublished":"2019-03-28T20:32:57+00:00","dateModified":"2023-03-16T17:24:41+00:00","description":"Verre d\u00e9poli \u00e0 l\u2019acide sur deux faces : Bonne lecture sur notre blog !","breadcrumb":{"@id":"https:\/\/www.walkerglass.com\/fr\/verre-depoli-a-lacide-sur-deux-faces\/#breadcrumb"},"inLanguage":"fr-FR","potentialAction":[{"@type":"ReadAction","target":["https:\/\/www.walkerglass.com\/fr\/verre-depoli-a-lacide-sur-deux-faces\/"]}]},{"@type":"ImageObject","inLanguage":"fr-FR","@id":"https:\/\/www.walkerglass.com\/fr\/verre-depoli-a-lacide-sur-deux-faces\/#primaryimage","url":"https:\/\/www.walkerglass.com\/wp-content\/uploads\/2019\/03\/walker-entrance-featured.jpg","contentUrl":"https:\/\/www.walkerglass.com\/wp-content\/uploads\/2019\/03\/walker-entrance-featured.jpg","width":772,"height":580},{"@type":"BreadcrumbList","@id":"https:\/\/www.walkerglass.com\/fr\/verre-depoli-a-lacide-sur-deux-faces\/#breadcrumb","itemListElement":[{"@type":"ListItem","position":1,"name":"Accueil"},{"@type":"ListItem","position":2,"name":"Verre d\u00e9poli \u00e0 l\u2019acide sur deux faces"}]},{"@type":"WebSite","@id":"https:\/\/www.walkerglass.com\/#website","url":"https:\/\/www.walkerglass.com\/","name":"Verrerie Walker","description":"","publisher":{"@id":"https:\/\/www.walkerglass.com\/#organization"},"potentialAction":[{"@type":"SearchAction","target":{"@type":"EntryPoint","urlTemplate":"https:\/\/www.walkerglass.com\/?s={search_term_string}"},"query-input":{"@type":"PropertyValueSpecification","valueRequired":true,"valueName":"search_term_string"}}],"inLanguage":"fr-FR"},{"@type":"Organization","@id":"https:\/\/www.walkerglass.com\/#organization","name":"Verrerie Walker","url":"https:\/\/www.walkerglass.com\/","logo":{"@type":"ImageObject","inLanguage":"fr-FR","@id":"https:\/\/www.walkerglass.com\/#\/schema\/logo\/image\/","url":"https:\/\/www.walkerglass.com\/wp-content\/uploads\/2021\/03\/logo-walker-noir-1.png","contentUrl":"https:\/\/www.walkerglass.com\/wp-content\/uploads\/2021\/03\/logo-walker-noir-1.png","width":2048,"height":282,"caption":"Verrerie Walker"},"image":{"@id":"https:\/\/www.walkerglass.com\/#\/schema\/logo\/image\/"},"sameAs":["https:\/\/www.facebook.com\/WalkerGlassCo\/","https:\/\/x.com\/WalkerTextures","https:\/\/www.instagram.com\/walkerglassco\/","https:\/\/ca.linkedin.com\/company\/walker-glass","https:\/\/www.youtube.com\/user\/WalkerGlassTextures"]},{"@type":"Person","@id":"https:\/\/www.walkerglass.com\/#\/schema\/person\/ed479110376a8a2d01e15550aada87c7","name":"danik","image":{"@type":"ImageObject","inLanguage":"fr-FR","@id":"https:\/\/secure.gravatar.com\/avatar\/8299c11d25de210a1f035829dfc75d7f6529e684e5c6f236a588f2e2f1c988b4?s=96&d=mm&r=g","url":"https:\/\/secure.gravatar.com\/avatar\/8299c11d25de210a1f035829dfc75d7f6529e684e5c6f236a588f2e2f1c988b4?s=96&d=mm&r=g","contentUrl":"https:\/\/secure.gravatar.com\/avatar\/8299c11d25de210a1f035829dfc75d7f6529e684e5c6f236a588f2e2f1c988b4?s=96&d=mm&r=g","caption":"danik"},"url":"https:\/\/www.walkerglass.com\/fr\/author\/danik\/"}]}},"_links":{"self":[{"href":"https:\/\/www.walkerglass.com\/fr\/wp-json\/wp\/v2\/posts\/5015","targetHints":{"allow":["GET"]}}],"collection":[{"href":"https:\/\/www.walkerglass.com\/fr\/wp-json\/wp\/v2\/posts"}],"about":[{"href":"https:\/\/www.walkerglass.com\/fr\/wp-json\/wp\/v2\/types\/post"}],"author":[{"embeddable":true,"href":"https:\/\/www.walkerglass.com\/fr\/wp-json\/wp\/v2\/users\/5"}],"replies":[{"embeddable":true,"href":"https:\/\/www.walkerglass.com\/fr\/wp-json\/wp\/v2\/comments?post=5015"}],"version-history":[{"count":3,"href":"https:\/\/www.walkerglass.com\/fr\/wp-json\/wp\/v2\/posts\/5015\/revisions"}],"predecessor-version":[{"id":22969,"href":"https:\/\/www.walkerglass.com\/fr\/wp-json\/wp\/v2\/posts\/5015\/revisions\/22969"}],"wp:featuredmedia":[{"embeddable":true,"href":"https:\/\/www.walkerglass.com\/fr\/wp-json\/wp\/v2\/media\/5011"}],"wp:attachment":[{"href":"https:\/\/www.walkerglass.com\/fr\/wp-json\/wp\/v2\/media?parent=5015"}],"wp:term":[{"taxonomy":"articles-subject","embeddable":true,"href":"https:\/\/www.walkerglass.com\/fr\/wp-json\/wp\/v2\/articles-subject?post=5015"}],"curies":[{"name":"wp","href":"https:\/\/api.w.org\/{rel}","templated":true}]}}