{"id":4926,"date":"2019-03-28T16:02:11","date_gmt":"2019-03-28T20:02:11","guid":{"rendered":"http:\/\/www.walkerglass.com\/?p=4926"},"modified":"2020-09-15T17:59:06","modified_gmt":"2020-09-15T21:59:06","slug":"mergeune-fusion-entre-lexperience-et-la-collaboration","status":"publish","type":"post","link":"https:\/\/www.walkerglass.com\/fr\/blogue\/mergeune-fusion-entre-lexperience-et-la-collaboration\/","title":{"rendered":"MERGE\u2026Une fusion entre l\u2019exp\u00e9rience et la collaboration"},"content":{"rendered":"\t\t<div class=\"et_pb_section et_pb_with_background et_section_regular breadcrumbs_section\">\n\t\t\t<div class=\" et_pb_row breadcrumbs_row\">\n\t\t\t\t<div class=\"et_pb_column et_pb_column_4_4 breadcrumbs_column\">\n\t\t\t\t\t<div class=\"et_pb_code et_pb_module breadcrumbs_module\">\n\t\t\t\t\t\t<span><span>Accueil<\/span><\/span>\t\t\t\t\t<\/div> <!-- .et_pb_code -->\n\t\t\t\t<\/div> <!-- .et_pb_column -->\n\t\t\t<\/div> <!-- .et_pb_row -->\n\t\t<\/div>\n\t\t<p>[et_pb_section bb_built=\u00a0\u00bb1&Prime;][et_pb_row][et_pb_column type=\u00a0\u00bb4_4&Prime;][et_pb_text _builder_version=\u00a0\u00bb3.20.1&Prime;]<\/p>\n<p><strong>Acqu\u00e9rir une v\u00e9ritable exp\u00e9rience de vie est l\u2019un des plus grands d\u00e9fis de n\u2019importe qui essayant de r\u00e9ussir dans un domaine professionnel en particulier. La salle de classe n\u2019est pas en moyen de vous apprendre ce qui se passe r\u00e9ellement au quotidien, car il n\u2019y a aucune mani\u00e8re d\u2019enseigner une vraie exp\u00e9rience. Gr\u00e2ce \u00e0 plusieurs individus incroyables, un \u00e9v\u00e9nement nomm\u00e9 MERGE a \u00e9t\u00e9 cr\u00e9\u00e9 et des \u00e9tudiants provenant de diff\u00e9rentes sph\u00e8res du monde des mat\u00e9riaux de construction ont pu travailler avec des professionnels dans le domaine pour cr\u00e9er une installation de verre vraiment exceptionnelle.<\/strong><\/p>\n<p>La Verrerie Walker \u00e9tait l\u2019une des compagnies \u00e0 apporter son soutien. Leur d\u00e9sir d&rsquo;avoir un impact sur l&rsquo;avenir de l&rsquo;industrie \u00e9tait \u00e9vident.<\/p>\n<p>\u00ab Nous sommes honor\u00e9s de pouvoir collaborer avec de grandes organisations afin de donner l&rsquo;opportunit\u00e9 \u00e0 ces \u00e9tudiants de se d\u00e9marquer, tout en investissant dans l&rsquo;avenir de l&rsquo;installation et du design \u00bb a d\u00e9clar\u00e9 George O\u2019Donnell directeur Architectural \u00e0 La Verrerie Walker.<\/p>\n<p>MERGE est une installation de conception et de construction qui met en valeur les talents de design et d\u2019architecture des \u00e9tudiants du Finishing Trades Institute (FTI) et de la Jefferson University (Philadelphie University + Thomas Jefferson University) avec l&rsquo;appui de l&rsquo;Architectural Glass Institute (AGI).<\/p>\n<p>[\/et_pb_text][et_pb_image _builder_version=\u00a0\u00bb3.20.1&Prime; src=\u00a0\u00bbhttps:\/\/walkerglass.com\/wp-content\/uploads\/2019\/03\/merge-3-body.jpg\u00a0\u00bb \/][et_pb_text _builder_version=\u00a0\u00bb3.20.1&Prime;]<\/p>\n<p>\u00ab L&rsquo;installation MERGE est importante pour l&rsquo;industrie du vitrage, non seulement parce qu&rsquo;elle met en \u00e9vidence ce qui peut \u00eatre accompli dans un cadre de conception et de construction, mais d\u00e9montre aussi l\u2019impact qu\u2019un programme comme celui-ci peut avoir dans l&rsquo;exp\u00e9rience acad\u00e9mique des futurs architectes et constructeurs. Combler le manque de connaissances entre ce qui est dessin\u00e9 et comment ces dessins sont finalement construits, aura une incidence positive sur la conception, les co\u00fbts et les \u00e9ch\u00e9ances des futurs projets \u00bb, a d\u00e9clar\u00e9 Stephanie Staub, Directrice du Marketing pour l\u2019Architectural Glass Institute.<\/p>\n<p>L&rsquo;am\u00e9nagement comprend deux magnifiques murs de verre, chacun repr\u00e9sentant une universit\u00e9 et formant un sentier scintillant au soleil et refl\u00e9tant les environs. Chaque mur est compos\u00e9 de petits morceaux de verre carr\u00e9s ayant de multiples propri\u00e9t\u00e9s r\u00e9fl\u00e9chissantes offrant ainsi diff\u00e9rentes vues de l&rsquo;environnement en op\u00e9rant comme le feraient les yeux de nombreux insectes poss\u00e9dant un angle de vue de toutes les directions. Le chevauchement des deux murs b\u00e9n\u00e9ficie d\u2019une grande transparence. Les points de vue et les diverses r\u00e9flexions per\u00e7us dans cette combinaison sont embl\u00e9matiques des deux universit\u00e9s r\u00e9unissant diff\u00e9rentes disciplines pour apporter de nouvelles perspectives sur l&rsquo;avenir de l&rsquo;\u00e9ducation.<\/p>\n<p>\u00ab Notre verre a \u00e9t\u00e9 utilis\u00e9 dans de nombreux b\u00e2timents partout en Am\u00e9rique du Nord et cette structure est tout aussi accrocheuse que tous les projets dans lesquels nous avons \u00e9t\u00e9 impliqu\u00e9s. C&rsquo;\u00e9tait g\u00e9nial de pouvoir y contribuer, car ce design est vraiment un chef-d&rsquo;\u0153uvre. \u00bb a ajout\u00e9 George O\u2019Donnell.<\/p>\n<p>MERGE a d\u00e9but\u00e9 en janvier lorsque l\u2019AGI, le FTI et le Jefferson Architecture Program se sont associ\u00e9s pour accueillir la Comp\u00e9tition \u00e9tudiante architecturale de design de verre 2017. Les \u00e9tudiants en architecture de troisi\u00e8me ann\u00e9e ont pr\u00e9sent\u00e9 des propositions de conception et de construction pour des pavillons de verre.<\/p>\n<p>[\/et_pb_text][et_pb_image _builder_version=\u00a0\u00bb3.20.1&Prime; src=\u00a0\u00bbhttps:\/\/walkerglass.com\/wp-content\/uploads\/2019\/03\/merge-2-body.jpg\u00a0\u00bb \/][et_pb_text _builder_version=\u00a0\u00bb3.20.1&Prime;]<\/p>\n<p>Des \u00e9tudiants en architecture de troisi\u00e8me ann\u00e9e, des apprentis vitriers et un groupe de professionnels ont \u00e9t\u00e9 r\u00e9unis pour un projet pratique visant \u00e0 relier conceptuellement les campus de la Jefferson University (Philadelphia University + Thomas Jefferson University), qui a officiellement fusionn\u00e9 le 1er juillet dernier.<\/p>\n<p>Plusieurs entreprises de produits de construction ont soutenu cet \u00e9v\u00e9nement et ont \u00e9galement re\u00e7u des subventions du Federal Mediation and Conciliation Services.<\/p>\n<p>Des projets tels que MERGE engagent le continuum de la conception et de la construction, reliant les \u00e9tudiants, les apprentis et les professionnels \u00e0 partager des exp\u00e9riences r\u00e9elles et \u00e0 \u00e9tablir des relations \u00e0 long terme qui renforcissent l&rsquo;industrie.<\/p>\n<p>L&rsquo;installation MERGE appara\u00eet devant l&rsquo;\u00e9difice Dorrance H. Hamilton de la Jefferson University \u00e0 Philadelphie. Le projet restera expos\u00e9 jusqu&rsquo;\u00e0 la fin du mois d&rsquo;octobre.<\/p>\n<p>[\/et_pb_text][\/et_pb_column][\/et_pb_row][\/et_pb_section]<\/p>\n","protected":false},"excerpt":{"rendered":"<p><div class=\"et_pb_row et_pb_row_0 et_pb_row_empty\">\n\t\t\t\t\n\t\t\t\t\n\t\t\t\t\n\t\t\t\t\n\t\t\t\t\n\t\t\t<\/div> Acqu\u00e9rir une v\u00e9ritable exp\u00e9rience de vie est l\u2019un des plus grands d\u00e9fis de n\u2019importe qui essayant de r\u00e9ussir dans un domaine professionnel en particulier. La salle de classe n\u2019est pas en moyen de vous apprendre ce qui se passe r\u00e9ellement au quotidien, car il n\u2019y a aucune mani\u00e8re d\u2019enseigner une vraie exp\u00e9rience. Gr\u00e2ce \u00e0 [&hellip;]<\/p>\n","protected":false},"author":5,"featured_media":4917,"comment_status":"closed","ping_status":"open","sticky":false,"template":"","format":"standard","meta":{"_acf_changed":false,"_et_pb_use_builder":"on","_et_pb_old_content":"<p>[et_pb_section bb_built=\"1\"][et_pb_row][et_pb_column type=\"4_4\"][et_pb_text _builder_version=\"3.20.1\"]<\/p>\r\n<p><strong>One of the great challenges for anyone trying to make it in a professional field is gaining genuine life experience. The classroom can take you only so far as there is really no substitute for doing something real. Thanks to several amazing individuals, an event named MERGE was created and students from various walks of the building product world were able to work together with professionals in the field to create a truly amazing glass installation.<\/strong><\/p>\r\n<p>One of the supporting entities was Walker Glass. Their desire to have an impact on the future of the industry is clear.<\/p>\r\n<p>\u201cWe are honored to be involved with so many great organizations with the opportunity to give these students a path to make their mark, as well as investing in the future of installation and design\u201d said George O\u2019Donnell, Architectural Manager at Walker Glass.<\/p>\r\n<p>MERGE is a design-build installation that showcases the design and construction talents of students from the Finishing Trades Institute (FTI) and Jefferson University (Philadelphia University + Thomas Jefferson University) with the support of the Architectural Glass Institute (AGI).<\/p>\r\n<p>[\/et_pb_text][et_pb_image _builder_version=\"3.20.1\" \/][\/et_pb_column][\/et_pb_row][\/et_pb_section]<\/p>","_et_gb_content_width":"","footnotes":""},"articles-subject":[208],"class_list":["post-4926","post","type-post","status-publish","format-standard","has-post-thumbnail","hentry","articles-subject-verre-depoli-a-lacide"],"acf":[],"yoast_head":"<!-- This site is optimized with the Yoast SEO plugin v27.5 - https:\/\/yoast.com\/product\/yoast-seo-wordpress\/ -->\n<title>MERGE\u2026Une fusion entre l\u2019exp\u00e9rience et la collaboration | Verrerie Walker<\/title>\n<meta name=\"description\" content=\"MERGE\u2026Une fusion entre l\u2019exp\u00e9rience et la collaboration : Bonne lecture sur notre blog !\" \/>\n<meta name=\"robots\" content=\"index, follow, max-snippet:-1, max-image-preview:large, max-video-preview:-1\" \/>\n<link rel=\"canonical\" href=\"https:\/\/www.walkerglass.com\/fr\/mergeune-fusion-entre-lexperience-et-la-collaboration\/\" \/>\n<meta property=\"og:locale\" content=\"fr_FR\" \/>\n<meta property=\"og:type\" content=\"article\" \/>\n<meta property=\"og:title\" content=\"MERGE\u2026Une fusion entre l\u2019exp\u00e9rience et la collaboration | Verrerie Walker\" \/>\n<meta property=\"og:description\" content=\"MERGE\u2026Une fusion entre l\u2019exp\u00e9rience et la collaboration : Bonne lecture sur notre blog !\" \/>\n<meta property=\"og:url\" content=\"https:\/\/www.walkerglass.com\/fr\/mergeune-fusion-entre-lexperience-et-la-collaboration\/\" \/>\n<meta property=\"og:site_name\" content=\"Verrerie Walker\" \/>\n<meta property=\"article:publisher\" content=\"https:\/\/www.facebook.com\/WalkerGlassCo\/\" \/>\n<meta property=\"article:published_time\" content=\"2019-03-28T20:02:11+00:00\" \/>\n<meta property=\"article:modified_time\" content=\"2020-09-15T21:59:06+00:00\" \/>\n<meta property=\"og:image\" content=\"https:\/\/www.walkerglass.com\/wp-content\/uploads\/2019\/03\/merge-1-featured.jpg\" \/>\n\t<meta property=\"og:image:width\" content=\"772\" \/>\n\t<meta property=\"og:image:height\" content=\"580\" \/>\n\t<meta property=\"og:image:type\" content=\"image\/jpeg\" \/>\n<meta name=\"author\" content=\"danik\" \/>\n<meta name=\"twitter:card\" content=\"summary_large_image\" \/>\n<meta name=\"twitter:creator\" content=\"@WalkerTextures\" \/>\n<meta name=\"twitter:site\" content=\"@WalkerTextures\" \/>\n<meta name=\"twitter:label1\" content=\"\u00c9crit par\" \/>\n\t<meta name=\"twitter:data1\" content=\"danik\" \/>\n\t<meta name=\"twitter:label2\" content=\"Dur\u00e9e de lecture estim\u00e9e\" \/>\n\t<meta name=\"twitter:data2\" content=\"4 minutes\" \/>\n<script type=\"application\/ld+json\" class=\"yoast-schema-graph\">{\"@context\":\"https:\\\/\\\/schema.org\",\"@graph\":[{\"@type\":\"Article\",\"@id\":\"https:\\\/\\\/www.walkerglass.com\\\/fr\\\/mergeune-fusion-entre-lexperience-et-la-collaboration\\\/#article\",\"isPartOf\":{\"@id\":\"https:\\\/\\\/www.walkerglass.com\\\/fr\\\/mergeune-fusion-entre-lexperience-et-la-collaboration\\\/\"},\"author\":{\"name\":\"danik\",\"@id\":\"https:\\\/\\\/www.walkerglass.com\\\/#\\\/schema\\\/person\\\/ed479110376a8a2d01e15550aada87c7\"},\"headline\":\"MERGE\u2026Une fusion entre l\u2019exp\u00e9rience et la collaboration\",\"datePublished\":\"2019-03-28T20:02:11+00:00\",\"dateModified\":\"2020-09-15T21:59:06+00:00\",\"mainEntityOfPage\":{\"@id\":\"https:\\\/\\\/www.walkerglass.com\\\/fr\\\/mergeune-fusion-entre-lexperience-et-la-collaboration\\\/\"},\"wordCount\":767,\"publisher\":{\"@id\":\"https:\\\/\\\/www.walkerglass.com\\\/#organization\"},\"image\":{\"@id\":\"https:\\\/\\\/www.walkerglass.com\\\/fr\\\/mergeune-fusion-entre-lexperience-et-la-collaboration\\\/#primaryimage\"},\"thumbnailUrl\":\"https:\\\/\\\/www.walkerglass.com\\\/wp-content\\\/uploads\\\/2019\\\/03\\\/merge-1-featured.jpg\",\"inLanguage\":\"fr-FR\"},{\"@type\":\"WebPage\",\"@id\":\"https:\\\/\\\/www.walkerglass.com\\\/fr\\\/mergeune-fusion-entre-lexperience-et-la-collaboration\\\/\",\"url\":\"https:\\\/\\\/www.walkerglass.com\\\/fr\\\/mergeune-fusion-entre-lexperience-et-la-collaboration\\\/\",\"name\":\"MERGE\u2026Une fusion entre l\u2019exp\u00e9rience et la collaboration | Verrerie Walker\",\"isPartOf\":{\"@id\":\"https:\\\/\\\/www.walkerglass.com\\\/#website\"},\"primaryImageOfPage\":{\"@id\":\"https:\\\/\\\/www.walkerglass.com\\\/fr\\\/mergeune-fusion-entre-lexperience-et-la-collaboration\\\/#primaryimage\"},\"image\":{\"@id\":\"https:\\\/\\\/www.walkerglass.com\\\/fr\\\/mergeune-fusion-entre-lexperience-et-la-collaboration\\\/#primaryimage\"},\"thumbnailUrl\":\"https:\\\/\\\/www.walkerglass.com\\\/wp-content\\\/uploads\\\/2019\\\/03\\\/merge-1-featured.jpg\",\"datePublished\":\"2019-03-28T20:02:11+00:00\",\"dateModified\":\"2020-09-15T21:59:06+00:00\",\"description\":\"MERGE\u2026Une fusion entre l\u2019exp\u00e9rience et la collaboration : Bonne lecture sur notre blog !\",\"breadcrumb\":{\"@id\":\"https:\\\/\\\/www.walkerglass.com\\\/fr\\\/mergeune-fusion-entre-lexperience-et-la-collaboration\\\/#breadcrumb\"},\"inLanguage\":\"fr-FR\",\"potentialAction\":[{\"@type\":\"ReadAction\",\"target\":[\"https:\\\/\\\/www.walkerglass.com\\\/fr\\\/mergeune-fusion-entre-lexperience-et-la-collaboration\\\/\"]}]},{\"@type\":\"ImageObject\",\"inLanguage\":\"fr-FR\",\"@id\":\"https:\\\/\\\/www.walkerglass.com\\\/fr\\\/mergeune-fusion-entre-lexperience-et-la-collaboration\\\/#primaryimage\",\"url\":\"https:\\\/\\\/www.walkerglass.com\\\/wp-content\\\/uploads\\\/2019\\\/03\\\/merge-1-featured.jpg\",\"contentUrl\":\"https:\\\/\\\/www.walkerglass.com\\\/wp-content\\\/uploads\\\/2019\\\/03\\\/merge-1-featured.jpg\",\"width\":772,\"height\":580},{\"@type\":\"BreadcrumbList\",\"@id\":\"https:\\\/\\\/www.walkerglass.com\\\/fr\\\/mergeune-fusion-entre-lexperience-et-la-collaboration\\\/#breadcrumb\",\"itemListElement\":[{\"@type\":\"ListItem\",\"position\":1,\"name\":\"Accueil\"},{\"@type\":\"ListItem\",\"position\":2,\"name\":\"MERGE\u2026Une fusion entre l\u2019exp\u00e9rience et la collaboration\"}]},{\"@type\":\"WebSite\",\"@id\":\"https:\\\/\\\/www.walkerglass.com\\\/#website\",\"url\":\"https:\\\/\\\/www.walkerglass.com\\\/\",\"name\":\"Verrerie Walker\",\"description\":\"\",\"publisher\":{\"@id\":\"https:\\\/\\\/www.walkerglass.com\\\/#organization\"},\"potentialAction\":[{\"@type\":\"SearchAction\",\"target\":{\"@type\":\"EntryPoint\",\"urlTemplate\":\"https:\\\/\\\/www.walkerglass.com\\\/?s={search_term_string}\"},\"query-input\":{\"@type\":\"PropertyValueSpecification\",\"valueRequired\":true,\"valueName\":\"search_term_string\"}}],\"inLanguage\":\"fr-FR\"},{\"@type\":\"Organization\",\"@id\":\"https:\\\/\\\/www.walkerglass.com\\\/#organization\",\"name\":\"Verrerie Walker\",\"url\":\"https:\\\/\\\/www.walkerglass.com\\\/\",\"logo\":{\"@type\":\"ImageObject\",\"inLanguage\":\"fr-FR\",\"@id\":\"https:\\\/\\\/www.walkerglass.com\\\/#\\\/schema\\\/logo\\\/image\\\/\",\"url\":\"https:\\\/\\\/www.walkerglass.com\\\/wp-content\\\/uploads\\\/2021\\\/03\\\/logo-walker-noir-1.png\",\"contentUrl\":\"https:\\\/\\\/www.walkerglass.com\\\/wp-content\\\/uploads\\\/2021\\\/03\\\/logo-walker-noir-1.png\",\"width\":2048,\"height\":282,\"caption\":\"Verrerie Walker\"},\"image\":{\"@id\":\"https:\\\/\\\/www.walkerglass.com\\\/#\\\/schema\\\/logo\\\/image\\\/\"},\"sameAs\":[\"https:\\\/\\\/www.facebook.com\\\/WalkerGlassCo\\\/\",\"https:\\\/\\\/x.com\\\/WalkerTextures\",\"https:\\\/\\\/www.instagram.com\\\/walkerglassco\\\/\",\"https:\\\/\\\/ca.linkedin.com\\\/company\\\/walker-glass\",\"https:\\\/\\\/www.youtube.com\\\/user\\\/WalkerGlassTextures\"]},{\"@type\":\"Person\",\"@id\":\"https:\\\/\\\/www.walkerglass.com\\\/#\\\/schema\\\/person\\\/ed479110376a8a2d01e15550aada87c7\",\"name\":\"danik\",\"image\":{\"@type\":\"ImageObject\",\"inLanguage\":\"fr-FR\",\"@id\":\"https:\\\/\\\/secure.gravatar.com\\\/avatar\\\/8299c11d25de210a1f035829dfc75d7f6529e684e5c6f236a588f2e2f1c988b4?s=96&d=mm&r=g\",\"url\":\"https:\\\/\\\/secure.gravatar.com\\\/avatar\\\/8299c11d25de210a1f035829dfc75d7f6529e684e5c6f236a588f2e2f1c988b4?s=96&d=mm&r=g\",\"contentUrl\":\"https:\\\/\\\/secure.gravatar.com\\\/avatar\\\/8299c11d25de210a1f035829dfc75d7f6529e684e5c6f236a588f2e2f1c988b4?s=96&d=mm&r=g\",\"caption\":\"danik\"},\"url\":\"https:\\\/\\\/www.walkerglass.com\\\/fr\\\/author\\\/danik\\\/\"}]}<\/script>\n<!-- \/ Yoast SEO plugin. -->","yoast_head_json":{"title":"MERGE\u2026Une fusion entre l\u2019exp\u00e9rience et la collaboration | Verrerie Walker","description":"MERGE\u2026Une fusion entre l\u2019exp\u00e9rience et la collaboration : Bonne lecture sur notre blog !","robots":{"index":"index","follow":"follow","max-snippet":"max-snippet:-1","max-image-preview":"max-image-preview:large","max-video-preview":"max-video-preview:-1"},"canonical":"https:\/\/www.walkerglass.com\/fr\/mergeune-fusion-entre-lexperience-et-la-collaboration\/","og_locale":"fr_FR","og_type":"article","og_title":"MERGE\u2026Une fusion entre l\u2019exp\u00e9rience et la collaboration | Verrerie Walker","og_description":"MERGE\u2026Une fusion entre l\u2019exp\u00e9rience et la collaboration : Bonne lecture sur notre blog !","og_url":"https:\/\/www.walkerglass.com\/fr\/mergeune-fusion-entre-lexperience-et-la-collaboration\/","og_site_name":"Verrerie Walker","article_publisher":"https:\/\/www.facebook.com\/WalkerGlassCo\/","article_published_time":"2019-03-28T20:02:11+00:00","article_modified_time":"2020-09-15T21:59:06+00:00","og_image":[{"width":772,"height":580,"url":"https:\/\/www.walkerglass.com\/wp-content\/uploads\/2019\/03\/merge-1-featured.jpg","type":"image\/jpeg"}],"author":"danik","twitter_card":"summary_large_image","twitter_creator":"@WalkerTextures","twitter_site":"@WalkerTextures","twitter_misc":{"\u00c9crit par":"danik","Dur\u00e9e de lecture estim\u00e9e":"4 minutes"},"schema":{"@context":"https:\/\/schema.org","@graph":[{"@type":"Article","@id":"https:\/\/www.walkerglass.com\/fr\/mergeune-fusion-entre-lexperience-et-la-collaboration\/#article","isPartOf":{"@id":"https:\/\/www.walkerglass.com\/fr\/mergeune-fusion-entre-lexperience-et-la-collaboration\/"},"author":{"name":"danik","@id":"https:\/\/www.walkerglass.com\/#\/schema\/person\/ed479110376a8a2d01e15550aada87c7"},"headline":"MERGE\u2026Une fusion entre l\u2019exp\u00e9rience et la collaboration","datePublished":"2019-03-28T20:02:11+00:00","dateModified":"2020-09-15T21:59:06+00:00","mainEntityOfPage":{"@id":"https:\/\/www.walkerglass.com\/fr\/mergeune-fusion-entre-lexperience-et-la-collaboration\/"},"wordCount":767,"publisher":{"@id":"https:\/\/www.walkerglass.com\/#organization"},"image":{"@id":"https:\/\/www.walkerglass.com\/fr\/mergeune-fusion-entre-lexperience-et-la-collaboration\/#primaryimage"},"thumbnailUrl":"https:\/\/www.walkerglass.com\/wp-content\/uploads\/2019\/03\/merge-1-featured.jpg","inLanguage":"fr-FR"},{"@type":"WebPage","@id":"https:\/\/www.walkerglass.com\/fr\/mergeune-fusion-entre-lexperience-et-la-collaboration\/","url":"https:\/\/www.walkerglass.com\/fr\/mergeune-fusion-entre-lexperience-et-la-collaboration\/","name":"MERGE\u2026Une fusion entre l\u2019exp\u00e9rience et la collaboration | Verrerie Walker","isPartOf":{"@id":"https:\/\/www.walkerglass.com\/#website"},"primaryImageOfPage":{"@id":"https:\/\/www.walkerglass.com\/fr\/mergeune-fusion-entre-lexperience-et-la-collaboration\/#primaryimage"},"image":{"@id":"https:\/\/www.walkerglass.com\/fr\/mergeune-fusion-entre-lexperience-et-la-collaboration\/#primaryimage"},"thumbnailUrl":"https:\/\/www.walkerglass.com\/wp-content\/uploads\/2019\/03\/merge-1-featured.jpg","datePublished":"2019-03-28T20:02:11+00:00","dateModified":"2020-09-15T21:59:06+00:00","description":"MERGE\u2026Une fusion entre l\u2019exp\u00e9rience et la collaboration : Bonne lecture sur notre blog !","breadcrumb":{"@id":"https:\/\/www.walkerglass.com\/fr\/mergeune-fusion-entre-lexperience-et-la-collaboration\/#breadcrumb"},"inLanguage":"fr-FR","potentialAction":[{"@type":"ReadAction","target":["https:\/\/www.walkerglass.com\/fr\/mergeune-fusion-entre-lexperience-et-la-collaboration\/"]}]},{"@type":"ImageObject","inLanguage":"fr-FR","@id":"https:\/\/www.walkerglass.com\/fr\/mergeune-fusion-entre-lexperience-et-la-collaboration\/#primaryimage","url":"https:\/\/www.walkerglass.com\/wp-content\/uploads\/2019\/03\/merge-1-featured.jpg","contentUrl":"https:\/\/www.walkerglass.com\/wp-content\/uploads\/2019\/03\/merge-1-featured.jpg","width":772,"height":580},{"@type":"BreadcrumbList","@id":"https:\/\/www.walkerglass.com\/fr\/mergeune-fusion-entre-lexperience-et-la-collaboration\/#breadcrumb","itemListElement":[{"@type":"ListItem","position":1,"name":"Accueil"},{"@type":"ListItem","position":2,"name":"MERGE\u2026Une fusion entre l\u2019exp\u00e9rience et la collaboration"}]},{"@type":"WebSite","@id":"https:\/\/www.walkerglass.com\/#website","url":"https:\/\/www.walkerglass.com\/","name":"Verrerie Walker","description":"","publisher":{"@id":"https:\/\/www.walkerglass.com\/#organization"},"potentialAction":[{"@type":"SearchAction","target":{"@type":"EntryPoint","urlTemplate":"https:\/\/www.walkerglass.com\/?s={search_term_string}"},"query-input":{"@type":"PropertyValueSpecification","valueRequired":true,"valueName":"search_term_string"}}],"inLanguage":"fr-FR"},{"@type":"Organization","@id":"https:\/\/www.walkerglass.com\/#organization","name":"Verrerie Walker","url":"https:\/\/www.walkerglass.com\/","logo":{"@type":"ImageObject","inLanguage":"fr-FR","@id":"https:\/\/www.walkerglass.com\/#\/schema\/logo\/image\/","url":"https:\/\/www.walkerglass.com\/wp-content\/uploads\/2021\/03\/logo-walker-noir-1.png","contentUrl":"https:\/\/www.walkerglass.com\/wp-content\/uploads\/2021\/03\/logo-walker-noir-1.png","width":2048,"height":282,"caption":"Verrerie Walker"},"image":{"@id":"https:\/\/www.walkerglass.com\/#\/schema\/logo\/image\/"},"sameAs":["https:\/\/www.facebook.com\/WalkerGlassCo\/","https:\/\/x.com\/WalkerTextures","https:\/\/www.instagram.com\/walkerglassco\/","https:\/\/ca.linkedin.com\/company\/walker-glass","https:\/\/www.youtube.com\/user\/WalkerGlassTextures"]},{"@type":"Person","@id":"https:\/\/www.walkerglass.com\/#\/schema\/person\/ed479110376a8a2d01e15550aada87c7","name":"danik","image":{"@type":"ImageObject","inLanguage":"fr-FR","@id":"https:\/\/secure.gravatar.com\/avatar\/8299c11d25de210a1f035829dfc75d7f6529e684e5c6f236a588f2e2f1c988b4?s=96&d=mm&r=g","url":"https:\/\/secure.gravatar.com\/avatar\/8299c11d25de210a1f035829dfc75d7f6529e684e5c6f236a588f2e2f1c988b4?s=96&d=mm&r=g","contentUrl":"https:\/\/secure.gravatar.com\/avatar\/8299c11d25de210a1f035829dfc75d7f6529e684e5c6f236a588f2e2f1c988b4?s=96&d=mm&r=g","caption":"danik"},"url":"https:\/\/www.walkerglass.com\/fr\/author\/danik\/"}]}},"_links":{"self":[{"href":"https:\/\/www.walkerglass.com\/fr\/wp-json\/wp\/v2\/posts\/4926","targetHints":{"allow":["GET"]}}],"collection":[{"href":"https:\/\/www.walkerglass.com\/fr\/wp-json\/wp\/v2\/posts"}],"about":[{"href":"https:\/\/www.walkerglass.com\/fr\/wp-json\/wp\/v2\/types\/post"}],"author":[{"embeddable":true,"href":"https:\/\/www.walkerglass.com\/fr\/wp-json\/wp\/v2\/users\/5"}],"replies":[{"embeddable":true,"href":"https:\/\/www.walkerglass.com\/fr\/wp-json\/wp\/v2\/comments?post=4926"}],"version-history":[{"count":1,"href":"https:\/\/www.walkerglass.com\/fr\/wp-json\/wp\/v2\/posts\/4926\/revisions"}],"predecessor-version":[{"id":8980,"href":"https:\/\/www.walkerglass.com\/fr\/wp-json\/wp\/v2\/posts\/4926\/revisions\/8980"}],"wp:featuredmedia":[{"embeddable":true,"href":"https:\/\/www.walkerglass.com\/fr\/wp-json\/wp\/v2\/media\/4917"}],"wp:attachment":[{"href":"https:\/\/www.walkerglass.com\/fr\/wp-json\/wp\/v2\/media?parent=4926"}],"wp:term":[{"taxonomy":"articles-subject","embeddable":true,"href":"https:\/\/www.walkerglass.com\/fr\/wp-json\/wp\/v2\/articles-subject?post=4926"}],"curies":[{"name":"wp","href":"https:\/\/api.w.org\/{rel}","templated":true}]}}