{"id":4773,"date":"2019-03-28T14:42:59","date_gmt":"2019-03-28T18:42:59","guid":{"rendered":"http:\/\/www.walkerglass.com\/?p=4773"},"modified":"2020-09-15T17:58:30","modified_gmt":"2020-09-15T21:58:30","slug":"le-verre-depoli-a-lacide-et-la-croyance-mal-fondee-de-sa-force","status":"publish","type":"post","link":"https:\/\/www.walkerglass.com\/fr\/blogue\/le-verre-depoli-a-lacide-et-la-croyance-mal-fondee-de-sa-force\/","title":{"rendered":"Le verre d\u00e9poli \u00e0 l\u2019acide et la croyance mal fond\u00e9e de sa force"},"content":{"rendered":"\t\t<div class=\"et_pb_section et_pb_with_background et_section_regular breadcrumbs_section\">\n\t\t\t<div class=\" et_pb_row breadcrumbs_row\">\n\t\t\t\t<div class=\"et_pb_column et_pb_column_4_4 breadcrumbs_column\">\n\t\t\t\t\t<div class=\"et_pb_code et_pb_module breadcrumbs_module\">\n\t\t\t\t\t\t<span><span>Accueil<\/span><\/span>\t\t\t\t\t<\/div> <!-- .et_pb_code -->\n\t\t\t\t<\/div> <!-- .et_pb_column -->\n\t\t\t<\/div> <!-- .et_pb_row -->\n\t\t<\/div>\n\t\t<p>[et_pb_section bb_built=\u00a0\u00bb1&Prime;][et_pb_row][et_pb_column type=\u00a0\u00bb4_4&Prime;][et_pb_text _builder_version=\u00a0\u00bb3.20.1&Prime;]<\/p>\n<p><strong>La force du verre peut \u00eatre d\u00e9termin\u00e9e par plusieurs m\u00e9thodes, tel que : le module d\u2019\u00e9lasticit\u00e9, le module de rupture, le module de cisaillement, le module de compressibilit\u00e9, la duret\u00e9, la densit\u00e9, et la pesanteur. Cet article se concentrera principalement sur le module de rupture &#8211; la r\u00e9sistance de la structure du verre.<\/strong><\/p>\n<p>Le verre, comme nous le savons, est un mat\u00e9riau tr\u00e8s solide. La moyenne \u00e9tablie du module de rupture pour le verre tremp\u00e9 est de 166 MPA, alors que pour le verre non-tremp\u00e9 il n\u2019est que de 41 MPA, ce qui est\u00a0 4 fois plus faible que le verre tremp\u00e9! Pourtant, le verre est extr\u00eamement fragile en pr\u00e9sence d&rsquo;un point faible. La force du verre d\u00e9pend beaucoup de l&rsquo;int\u00e9grit\u00e9 de sa surface. Th\u00e9oriquement, la force du verre peut \u00eatre d\u00e9termin\u00e9e par des liaisons atomiques. Si ce n&rsquo;\u00e9tait pas pour les micros d\u00e9fauts et imperfections, le verre \u00abparfait\u00bb pourrait \u00eatre jusqu&rsquo;\u00e0 500 fois plus r\u00e9sistant que ce qu&rsquo;il est en r\u00e9alit\u00e9.<\/p>\n<p>Une fausse pens\u00e9e commune est que le verre d\u00e9poli \u00e0 l&rsquo;acide est plus faible que le verre flott\u00e9. Cependant, plusieurs \u00e9tudes d\u00e9montrent justement le contraire. Le verre d\u00e9poli \u00e0 l\u2019acide est aussi r\u00e9sistant, si non plus que le verre flott\u00e9. Cela est d\u00fb au fait qu&rsquo;il existe des imperfections ou des d\u00e9fauts microscopiques sur la surface du verre flott\u00e9. En ajoutant de la tension sur le verre, les d\u00e9fauts microscopiques grandissent et finissent par cr\u00e9er une faille critique qui peut briser le verre. Cons\u00e9quemment, en enlevant une couche de surface du verre, ceci \u00e9limine aussi certaines de ces imperfections, rendant le verre essentiellement plus solide. M\u00eame si le verre d\u00e9poli \u00e0 l\u2019acide est plus mince, il est plus solide en raison de son effet \u00ab curatif \u00bb sur la surface du verre.<\/p>\n<p>Une \u00e9tude r\u00e9alis\u00e9e par Corning Incorporated indique que, \u00abSouvent, il devient souhaitable, sinon essentiel, d\u2019enlever une couche de surface sur le verre. Une raison peut \u00eatre de fournir une surface lisse. Une autre raison est d&rsquo;\u00e9liminer les d\u00e9fauts de surface, et ainsi renforcer ou fortifier le verre. \u00bb1<\/p>\n<p>Et selon l&rsquo;Universit\u00e9 de l&rsquo;Illinois, \u00ab La r\u00e9sistance \u00e0 la rupture du verre a \u00e9t\u00e9 grandement am\u00e9lior\u00e9e par le proc\u00e9d\u00e9 de d\u00e9polissage chimique. \u00bb \u00ab A partir de cette observation, il faut en conclure que le traitement de d\u00e9polissage a fortement r\u00e9duit le nombre et la taille des d\u00e9fauts de surface pr\u00e9sents. \u00bb 2<\/p>\n<p>De plus, comme l&rsquo;acide fluorhydrique enl\u00e8ve une couche du verre au cours du processus de d\u00e9polissage \u00e0 l&rsquo;acide, il a aussi pour effet d\u2019att\u00e9nuer les bords tranchants des d\u00e9fauts. Ce proc\u00e9d\u00e9 adoucit l&rsquo;angle de 90 degr\u00e9s de p\u00e9n\u00e9tration des d\u00e9fauts dans la surface du verre et fusionne les multiples micro fissures en une s\u00e9ries r\u00e9guli\u00e8re de petites bosses et creux successifs. Fondamentalement, en cr\u00e9ant ce relief, le proc\u00e9d\u00e9 de d\u00e9polissage vient \u00ab gu\u00e9rir \u00bb la surface du verre, rendant ce dernier plus fort qu\u2019il ne l\u2019\u00e9tait \u00e0 l\u2019origine.<\/p>\n<p>Pour plus de d\u00e9tails sur les sp\u00e9cifications des produits et des propri\u00e9t\u00e9s de r\u00e9sistance du verre d\u00e9poli \u00e0 l&rsquo;acide, cliquez ici. Si vous avez des questions ou si vous souhaitez avoir du mat\u00e9riel suppl\u00e9mentaire, n&rsquo;h\u00e9sitez pas \u00e0 nous contacter!<\/p>\n<p>[\/et_pb_text][\/et_pb_column][\/et_pb_row][\/et_pb_section]<\/p>\n","protected":false},"excerpt":{"rendered":"<p><div class=\"et_pb_row et_pb_row_0 et_pb_row_empty\">\n\t\t\t\t\n\t\t\t\t\n\t\t\t\t\n\t\t\t\t\n\t\t\t\t\n\t\t\t<\/div> La force du verre peut \u00eatre d\u00e9termin\u00e9e par plusieurs m\u00e9thodes, tel que : le module d\u2019\u00e9lasticit\u00e9, le module de rupture, le module de cisaillement, le module de compressibilit\u00e9, la duret\u00e9, la densit\u00e9, et la pesanteur. Cet article se concentrera principalement sur le module de rupture &#8211; la r\u00e9sistance de la structure du verre. Le [&hellip;]<\/p>\n","protected":false},"author":5,"featured_media":4771,"comment_status":"closed","ping_status":"open","sticky":false,"template":"","format":"standard","meta":{"_acf_changed":false,"_et_pb_use_builder":"on","_et_pb_old_content":"","_et_gb_content_width":"","footnotes":""},"articles-subject":[208],"class_list":["post-4773","post","type-post","status-publish","format-standard","has-post-thumbnail","hentry","articles-subject-verre-depoli-a-lacide"],"acf":[],"yoast_head":"<!-- This site is optimized with the Yoast SEO plugin v27.5 - https:\/\/yoast.com\/product\/yoast-seo-wordpress\/ -->\n<title>Le verre d\u00e9poli \u00e0 l\u2019acide et la croyance mal fond\u00e9e de sa force | Verrerie Walker<\/title>\n<meta name=\"description\" content=\"Le verre d\u00e9poli \u00e0 l\u2019acide et la croyance mal fond\u00e9e de sa force : Bonne lecture sur notre blog !\" \/>\n<meta name=\"robots\" content=\"index, follow, max-snippet:-1, max-image-preview:large, max-video-preview:-1\" \/>\n<link rel=\"canonical\" href=\"https:\/\/www.walkerglass.com\/fr\/le-verre-depoli-a-lacide-et-la-croyance-mal-fondee-de-sa-force\/\" \/>\n<meta property=\"og:locale\" content=\"fr_FR\" \/>\n<meta property=\"og:type\" content=\"article\" \/>\n<meta property=\"og:title\" content=\"Le verre d\u00e9poli \u00e0 l\u2019acide et la croyance mal fond\u00e9e de sa force | Verrerie Walker\" \/>\n<meta property=\"og:description\" content=\"Le verre d\u00e9poli \u00e0 l\u2019acide et la croyance mal fond\u00e9e de sa force : Bonne lecture sur notre blog !\" \/>\n<meta property=\"og:url\" content=\"https:\/\/www.walkerglass.com\/fr\/le-verre-depoli-a-lacide-et-la-croyance-mal-fondee-de-sa-force\/\" \/>\n<meta property=\"og:site_name\" content=\"Verrerie Walker\" \/>\n<meta property=\"article:publisher\" content=\"https:\/\/www.facebook.com\/WalkerGlassCo\/\" \/>\n<meta property=\"article:published_time\" content=\"2019-03-28T18:42:59+00:00\" \/>\n<meta property=\"article:modified_time\" content=\"2020-09-15T21:58:30+00:00\" \/>\n<meta property=\"og:image\" content=\"https:\/\/www.walkerglass.com\/wp-content\/uploads\/2019\/03\/walker-textures-opaque-glass-1-face-featured.jpg\" \/>\n\t<meta property=\"og:image:width\" content=\"772\" \/>\n\t<meta property=\"og:image:height\" content=\"580\" \/>\n\t<meta property=\"og:image:type\" content=\"image\/jpeg\" \/>\n<meta name=\"author\" content=\"danik\" \/>\n<meta name=\"twitter:card\" content=\"summary_large_image\" \/>\n<meta name=\"twitter:creator\" content=\"@WalkerTextures\" \/>\n<meta name=\"twitter:site\" content=\"@WalkerTextures\" \/>\n<meta name=\"twitter:label1\" content=\"\u00c9crit par\" \/>\n\t<meta name=\"twitter:data1\" content=\"danik\" \/>\n\t<meta name=\"twitter:label2\" content=\"Dur\u00e9e de lecture estim\u00e9e\" \/>\n\t<meta name=\"twitter:data2\" content=\"3 minutes\" \/>\n<script type=\"application\/ld+json\" class=\"yoast-schema-graph\">{\"@context\":\"https:\\\/\\\/schema.org\",\"@graph\":[{\"@type\":\"Article\",\"@id\":\"https:\\\/\\\/www.walkerglass.com\\\/fr\\\/le-verre-depoli-a-lacide-et-la-croyance-mal-fondee-de-sa-force\\\/#article\",\"isPartOf\":{\"@id\":\"https:\\\/\\\/www.walkerglass.com\\\/fr\\\/le-verre-depoli-a-lacide-et-la-croyance-mal-fondee-de-sa-force\\\/\"},\"author\":{\"name\":\"danik\",\"@id\":\"https:\\\/\\\/www.walkerglass.com\\\/#\\\/schema\\\/person\\\/ed479110376a8a2d01e15550aada87c7\"},\"headline\":\"Le verre d\u00e9poli \u00e0 l\u2019acide et la croyance mal fond\u00e9e de sa force\",\"datePublished\":\"2019-03-28T18:42:59+00:00\",\"dateModified\":\"2020-09-15T21:58:30+00:00\",\"mainEntityOfPage\":{\"@id\":\"https:\\\/\\\/www.walkerglass.com\\\/fr\\\/le-verre-depoli-a-lacide-et-la-croyance-mal-fondee-de-sa-force\\\/\"},\"wordCount\":618,\"publisher\":{\"@id\":\"https:\\\/\\\/www.walkerglass.com\\\/#organization\"},\"image\":{\"@id\":\"https:\\\/\\\/www.walkerglass.com\\\/fr\\\/le-verre-depoli-a-lacide-et-la-croyance-mal-fondee-de-sa-force\\\/#primaryimage\"},\"thumbnailUrl\":\"https:\\\/\\\/www.walkerglass.com\\\/wp-content\\\/uploads\\\/2019\\\/03\\\/walker-textures-opaque-glass-1-face-featured.jpg\",\"inLanguage\":\"fr-FR\"},{\"@type\":\"WebPage\",\"@id\":\"https:\\\/\\\/www.walkerglass.com\\\/fr\\\/le-verre-depoli-a-lacide-et-la-croyance-mal-fondee-de-sa-force\\\/\",\"url\":\"https:\\\/\\\/www.walkerglass.com\\\/fr\\\/le-verre-depoli-a-lacide-et-la-croyance-mal-fondee-de-sa-force\\\/\",\"name\":\"Le verre d\u00e9poli \u00e0 l\u2019acide et la croyance mal fond\u00e9e de sa force | Verrerie Walker\",\"isPartOf\":{\"@id\":\"https:\\\/\\\/www.walkerglass.com\\\/#website\"},\"primaryImageOfPage\":{\"@id\":\"https:\\\/\\\/www.walkerglass.com\\\/fr\\\/le-verre-depoli-a-lacide-et-la-croyance-mal-fondee-de-sa-force\\\/#primaryimage\"},\"image\":{\"@id\":\"https:\\\/\\\/www.walkerglass.com\\\/fr\\\/le-verre-depoli-a-lacide-et-la-croyance-mal-fondee-de-sa-force\\\/#primaryimage\"},\"thumbnailUrl\":\"https:\\\/\\\/www.walkerglass.com\\\/wp-content\\\/uploads\\\/2019\\\/03\\\/walker-textures-opaque-glass-1-face-featured.jpg\",\"datePublished\":\"2019-03-28T18:42:59+00:00\",\"dateModified\":\"2020-09-15T21:58:30+00:00\",\"description\":\"Le verre d\u00e9poli \u00e0 l\u2019acide et la croyance mal fond\u00e9e de sa force : Bonne lecture sur notre blog !\",\"breadcrumb\":{\"@id\":\"https:\\\/\\\/www.walkerglass.com\\\/fr\\\/le-verre-depoli-a-lacide-et-la-croyance-mal-fondee-de-sa-force\\\/#breadcrumb\"},\"inLanguage\":\"fr-FR\",\"potentialAction\":[{\"@type\":\"ReadAction\",\"target\":[\"https:\\\/\\\/www.walkerglass.com\\\/fr\\\/le-verre-depoli-a-lacide-et-la-croyance-mal-fondee-de-sa-force\\\/\"]}]},{\"@type\":\"ImageObject\",\"inLanguage\":\"fr-FR\",\"@id\":\"https:\\\/\\\/www.walkerglass.com\\\/fr\\\/le-verre-depoli-a-lacide-et-la-croyance-mal-fondee-de-sa-force\\\/#primaryimage\",\"url\":\"https:\\\/\\\/www.walkerglass.com\\\/wp-content\\\/uploads\\\/2019\\\/03\\\/walker-textures-opaque-glass-1-face-featured.jpg\",\"contentUrl\":\"https:\\\/\\\/www.walkerglass.com\\\/wp-content\\\/uploads\\\/2019\\\/03\\\/walker-textures-opaque-glass-1-face-featured.jpg\",\"width\":772,\"height\":580},{\"@type\":\"BreadcrumbList\",\"@id\":\"https:\\\/\\\/www.walkerglass.com\\\/fr\\\/le-verre-depoli-a-lacide-et-la-croyance-mal-fondee-de-sa-force\\\/#breadcrumb\",\"itemListElement\":[{\"@type\":\"ListItem\",\"position\":1,\"name\":\"Accueil\"},{\"@type\":\"ListItem\",\"position\":2,\"name\":\"Le verre d\u00e9poli \u00e0 l\u2019acide et la croyance mal fond\u00e9e de sa force\"}]},{\"@type\":\"WebSite\",\"@id\":\"https:\\\/\\\/www.walkerglass.com\\\/#website\",\"url\":\"https:\\\/\\\/www.walkerglass.com\\\/\",\"name\":\"Verrerie Walker\",\"description\":\"\",\"publisher\":{\"@id\":\"https:\\\/\\\/www.walkerglass.com\\\/#organization\"},\"potentialAction\":[{\"@type\":\"SearchAction\",\"target\":{\"@type\":\"EntryPoint\",\"urlTemplate\":\"https:\\\/\\\/www.walkerglass.com\\\/?s={search_term_string}\"},\"query-input\":{\"@type\":\"PropertyValueSpecification\",\"valueRequired\":true,\"valueName\":\"search_term_string\"}}],\"inLanguage\":\"fr-FR\"},{\"@type\":\"Organization\",\"@id\":\"https:\\\/\\\/www.walkerglass.com\\\/#organization\",\"name\":\"Verrerie Walker\",\"url\":\"https:\\\/\\\/www.walkerglass.com\\\/\",\"logo\":{\"@type\":\"ImageObject\",\"inLanguage\":\"fr-FR\",\"@id\":\"https:\\\/\\\/www.walkerglass.com\\\/#\\\/schema\\\/logo\\\/image\\\/\",\"url\":\"https:\\\/\\\/www.walkerglass.com\\\/wp-content\\\/uploads\\\/2021\\\/03\\\/logo-walker-noir-1.png\",\"contentUrl\":\"https:\\\/\\\/www.walkerglass.com\\\/wp-content\\\/uploads\\\/2021\\\/03\\\/logo-walker-noir-1.png\",\"width\":2048,\"height\":282,\"caption\":\"Verrerie Walker\"},\"image\":{\"@id\":\"https:\\\/\\\/www.walkerglass.com\\\/#\\\/schema\\\/logo\\\/image\\\/\"},\"sameAs\":[\"https:\\\/\\\/www.facebook.com\\\/WalkerGlassCo\\\/\",\"https:\\\/\\\/x.com\\\/WalkerTextures\",\"https:\\\/\\\/www.instagram.com\\\/walkerglassco\\\/\",\"https:\\\/\\\/ca.linkedin.com\\\/company\\\/walker-glass\",\"https:\\\/\\\/www.youtube.com\\\/user\\\/WalkerGlassTextures\"]},{\"@type\":\"Person\",\"@id\":\"https:\\\/\\\/www.walkerglass.com\\\/#\\\/schema\\\/person\\\/ed479110376a8a2d01e15550aada87c7\",\"name\":\"danik\",\"image\":{\"@type\":\"ImageObject\",\"inLanguage\":\"fr-FR\",\"@id\":\"https:\\\/\\\/secure.gravatar.com\\\/avatar\\\/8299c11d25de210a1f035829dfc75d7f6529e684e5c6f236a588f2e2f1c988b4?s=96&d=mm&r=g\",\"url\":\"https:\\\/\\\/secure.gravatar.com\\\/avatar\\\/8299c11d25de210a1f035829dfc75d7f6529e684e5c6f236a588f2e2f1c988b4?s=96&d=mm&r=g\",\"contentUrl\":\"https:\\\/\\\/secure.gravatar.com\\\/avatar\\\/8299c11d25de210a1f035829dfc75d7f6529e684e5c6f236a588f2e2f1c988b4?s=96&d=mm&r=g\",\"caption\":\"danik\"},\"url\":\"https:\\\/\\\/www.walkerglass.com\\\/fr\\\/author\\\/danik\\\/\"}]}<\/script>\n<!-- \/ Yoast SEO plugin. -->","yoast_head_json":{"title":"Le verre d\u00e9poli \u00e0 l\u2019acide et la croyance mal fond\u00e9e de sa force | Verrerie Walker","description":"Le verre d\u00e9poli \u00e0 l\u2019acide et la croyance mal fond\u00e9e de sa force : Bonne lecture sur notre blog !","robots":{"index":"index","follow":"follow","max-snippet":"max-snippet:-1","max-image-preview":"max-image-preview:large","max-video-preview":"max-video-preview:-1"},"canonical":"https:\/\/www.walkerglass.com\/fr\/le-verre-depoli-a-lacide-et-la-croyance-mal-fondee-de-sa-force\/","og_locale":"fr_FR","og_type":"article","og_title":"Le verre d\u00e9poli \u00e0 l\u2019acide et la croyance mal fond\u00e9e de sa force | Verrerie Walker","og_description":"Le verre d\u00e9poli \u00e0 l\u2019acide et la croyance mal fond\u00e9e de sa force : Bonne lecture sur notre blog !","og_url":"https:\/\/www.walkerglass.com\/fr\/le-verre-depoli-a-lacide-et-la-croyance-mal-fondee-de-sa-force\/","og_site_name":"Verrerie Walker","article_publisher":"https:\/\/www.facebook.com\/WalkerGlassCo\/","article_published_time":"2019-03-28T18:42:59+00:00","article_modified_time":"2020-09-15T21:58:30+00:00","og_image":[{"width":772,"height":580,"url":"https:\/\/www.walkerglass.com\/wp-content\/uploads\/2019\/03\/walker-textures-opaque-glass-1-face-featured.jpg","type":"image\/jpeg"}],"author":"danik","twitter_card":"summary_large_image","twitter_creator":"@WalkerTextures","twitter_site":"@WalkerTextures","twitter_misc":{"\u00c9crit par":"danik","Dur\u00e9e de lecture estim\u00e9e":"3 minutes"},"schema":{"@context":"https:\/\/schema.org","@graph":[{"@type":"Article","@id":"https:\/\/www.walkerglass.com\/fr\/le-verre-depoli-a-lacide-et-la-croyance-mal-fondee-de-sa-force\/#article","isPartOf":{"@id":"https:\/\/www.walkerglass.com\/fr\/le-verre-depoli-a-lacide-et-la-croyance-mal-fondee-de-sa-force\/"},"author":{"name":"danik","@id":"https:\/\/www.walkerglass.com\/#\/schema\/person\/ed479110376a8a2d01e15550aada87c7"},"headline":"Le verre d\u00e9poli \u00e0 l\u2019acide et la croyance mal fond\u00e9e de sa force","datePublished":"2019-03-28T18:42:59+00:00","dateModified":"2020-09-15T21:58:30+00:00","mainEntityOfPage":{"@id":"https:\/\/www.walkerglass.com\/fr\/le-verre-depoli-a-lacide-et-la-croyance-mal-fondee-de-sa-force\/"},"wordCount":618,"publisher":{"@id":"https:\/\/www.walkerglass.com\/#organization"},"image":{"@id":"https:\/\/www.walkerglass.com\/fr\/le-verre-depoli-a-lacide-et-la-croyance-mal-fondee-de-sa-force\/#primaryimage"},"thumbnailUrl":"https:\/\/www.walkerglass.com\/wp-content\/uploads\/2019\/03\/walker-textures-opaque-glass-1-face-featured.jpg","inLanguage":"fr-FR"},{"@type":"WebPage","@id":"https:\/\/www.walkerglass.com\/fr\/le-verre-depoli-a-lacide-et-la-croyance-mal-fondee-de-sa-force\/","url":"https:\/\/www.walkerglass.com\/fr\/le-verre-depoli-a-lacide-et-la-croyance-mal-fondee-de-sa-force\/","name":"Le verre d\u00e9poli \u00e0 l\u2019acide et la croyance mal fond\u00e9e de sa force | Verrerie Walker","isPartOf":{"@id":"https:\/\/www.walkerglass.com\/#website"},"primaryImageOfPage":{"@id":"https:\/\/www.walkerglass.com\/fr\/le-verre-depoli-a-lacide-et-la-croyance-mal-fondee-de-sa-force\/#primaryimage"},"image":{"@id":"https:\/\/www.walkerglass.com\/fr\/le-verre-depoli-a-lacide-et-la-croyance-mal-fondee-de-sa-force\/#primaryimage"},"thumbnailUrl":"https:\/\/www.walkerglass.com\/wp-content\/uploads\/2019\/03\/walker-textures-opaque-glass-1-face-featured.jpg","datePublished":"2019-03-28T18:42:59+00:00","dateModified":"2020-09-15T21:58:30+00:00","description":"Le verre d\u00e9poli \u00e0 l\u2019acide et la croyance mal fond\u00e9e de sa force : Bonne lecture sur notre blog !","breadcrumb":{"@id":"https:\/\/www.walkerglass.com\/fr\/le-verre-depoli-a-lacide-et-la-croyance-mal-fondee-de-sa-force\/#breadcrumb"},"inLanguage":"fr-FR","potentialAction":[{"@type":"ReadAction","target":["https:\/\/www.walkerglass.com\/fr\/le-verre-depoli-a-lacide-et-la-croyance-mal-fondee-de-sa-force\/"]}]},{"@type":"ImageObject","inLanguage":"fr-FR","@id":"https:\/\/www.walkerglass.com\/fr\/le-verre-depoli-a-lacide-et-la-croyance-mal-fondee-de-sa-force\/#primaryimage","url":"https:\/\/www.walkerglass.com\/wp-content\/uploads\/2019\/03\/walker-textures-opaque-glass-1-face-featured.jpg","contentUrl":"https:\/\/www.walkerglass.com\/wp-content\/uploads\/2019\/03\/walker-textures-opaque-glass-1-face-featured.jpg","width":772,"height":580},{"@type":"BreadcrumbList","@id":"https:\/\/www.walkerglass.com\/fr\/le-verre-depoli-a-lacide-et-la-croyance-mal-fondee-de-sa-force\/#breadcrumb","itemListElement":[{"@type":"ListItem","position":1,"name":"Accueil"},{"@type":"ListItem","position":2,"name":"Le verre d\u00e9poli \u00e0 l\u2019acide et la croyance mal fond\u00e9e de sa force"}]},{"@type":"WebSite","@id":"https:\/\/www.walkerglass.com\/#website","url":"https:\/\/www.walkerglass.com\/","name":"Verrerie Walker","description":"","publisher":{"@id":"https:\/\/www.walkerglass.com\/#organization"},"potentialAction":[{"@type":"SearchAction","target":{"@type":"EntryPoint","urlTemplate":"https:\/\/www.walkerglass.com\/?s={search_term_string}"},"query-input":{"@type":"PropertyValueSpecification","valueRequired":true,"valueName":"search_term_string"}}],"inLanguage":"fr-FR"},{"@type":"Organization","@id":"https:\/\/www.walkerglass.com\/#organization","name":"Verrerie Walker","url":"https:\/\/www.walkerglass.com\/","logo":{"@type":"ImageObject","inLanguage":"fr-FR","@id":"https:\/\/www.walkerglass.com\/#\/schema\/logo\/image\/","url":"https:\/\/www.walkerglass.com\/wp-content\/uploads\/2021\/03\/logo-walker-noir-1.png","contentUrl":"https:\/\/www.walkerglass.com\/wp-content\/uploads\/2021\/03\/logo-walker-noir-1.png","width":2048,"height":282,"caption":"Verrerie Walker"},"image":{"@id":"https:\/\/www.walkerglass.com\/#\/schema\/logo\/image\/"},"sameAs":["https:\/\/www.facebook.com\/WalkerGlassCo\/","https:\/\/x.com\/WalkerTextures","https:\/\/www.instagram.com\/walkerglassco\/","https:\/\/ca.linkedin.com\/company\/walker-glass","https:\/\/www.youtube.com\/user\/WalkerGlassTextures"]},{"@type":"Person","@id":"https:\/\/www.walkerglass.com\/#\/schema\/person\/ed479110376a8a2d01e15550aada87c7","name":"danik","image":{"@type":"ImageObject","inLanguage":"fr-FR","@id":"https:\/\/secure.gravatar.com\/avatar\/8299c11d25de210a1f035829dfc75d7f6529e684e5c6f236a588f2e2f1c988b4?s=96&d=mm&r=g","url":"https:\/\/secure.gravatar.com\/avatar\/8299c11d25de210a1f035829dfc75d7f6529e684e5c6f236a588f2e2f1c988b4?s=96&d=mm&r=g","contentUrl":"https:\/\/secure.gravatar.com\/avatar\/8299c11d25de210a1f035829dfc75d7f6529e684e5c6f236a588f2e2f1c988b4?s=96&d=mm&r=g","caption":"danik"},"url":"https:\/\/www.walkerglass.com\/fr\/author\/danik\/"}]}},"_links":{"self":[{"href":"https:\/\/www.walkerglass.com\/fr\/wp-json\/wp\/v2\/posts\/4773","targetHints":{"allow":["GET"]}}],"collection":[{"href":"https:\/\/www.walkerglass.com\/fr\/wp-json\/wp\/v2\/posts"}],"about":[{"href":"https:\/\/www.walkerglass.com\/fr\/wp-json\/wp\/v2\/types\/post"}],"author":[{"embeddable":true,"href":"https:\/\/www.walkerglass.com\/fr\/wp-json\/wp\/v2\/users\/5"}],"replies":[{"embeddable":true,"href":"https:\/\/www.walkerglass.com\/fr\/wp-json\/wp\/v2\/comments?post=4773"}],"version-history":[{"count":1,"href":"https:\/\/www.walkerglass.com\/fr\/wp-json\/wp\/v2\/posts\/4773\/revisions"}],"predecessor-version":[{"id":8955,"href":"https:\/\/www.walkerglass.com\/fr\/wp-json\/wp\/v2\/posts\/4773\/revisions\/8955"}],"wp:featuredmedia":[{"embeddable":true,"href":"https:\/\/www.walkerglass.com\/fr\/wp-json\/wp\/v2\/media\/4771"}],"wp:attachment":[{"href":"https:\/\/www.walkerglass.com\/fr\/wp-json\/wp\/v2\/media?parent=4773"}],"wp:term":[{"taxonomy":"articles-subject","embeddable":true,"href":"https:\/\/www.walkerglass.com\/fr\/wp-json\/wp\/v2\/articles-subject?post=4773"}],"curies":[{"name":"wp","href":"https:\/\/api.w.org\/{rel}","templated":true}]}}