{"id":29486,"date":"2025-01-15T16:06:06","date_gmt":"2025-01-15T21:06:06","guid":{"rendered":"https:\/\/www.walkerglass.com\/?p=29486"},"modified":"2025-01-21T11:25:20","modified_gmt":"2025-01-21T16:25:20","slug":"2024-2025","status":"publish","type":"post","link":"https:\/\/www.walkerglass.com\/fr\/blogue\/2024-2025\/","title":{"rendered":"L&rsquo;\u00e9quipe des ventes et du marketing de La Verrerie Walker fait le bilan de 2024 et se tourne vers 2025"},"content":{"rendered":"\t\t<div class=\"et_pb_section et_pb_with_background et_section_regular breadcrumbs_section\">\n\t\t\t<div class=\" et_pb_row breadcrumbs_row\">\n\t\t\t\t<div class=\"et_pb_column et_pb_column_4_4 breadcrumbs_column\">\n\t\t\t\t\t<div class=\"et_pb_code et_pb_module breadcrumbs_module\">\n\t\t\t\t\t\t<span><span>Accueil<\/span><\/span>\t\t\t\t\t<\/div> <!-- .et_pb_code -->\n\t\t\t\t<\/div> <!-- .et_pb_column -->\n\t\t\t<\/div> <!-- .et_pb_row -->\n\t\t<\/div>\n\t\t<p>[et_pb_section fb_built=\u00a0\u00bb1&Prime; _builder_version=\u00a0\u00bb4.22.2&Prime; _module_preset=\u00a0\u00bbdefault\u00a0\u00bb width=\u00a0\u00bb100%\u00a0\u00bb global_colors_info=\u00a0\u00bb{}\u00a0\u00bb][et_pb_row _builder_version=\u00a0\u00bb4.22.2&Prime; _module_preset=\u00a0\u00bbdefault\u00a0\u00bb global_colors_info=\u00a0\u00bb{}\u00a0\u00bb][et_pb_column type=\u00a0\u00bb4_4&Prime; _builder_version=\u00a0\u00bb4.22.2&Prime; _module_preset=\u00a0\u00bbdefault\u00a0\u00bb global_colors_info=\u00a0\u00bb{}\u00a0\u00bb][et_pb_text admin_label=\u00a0\u00bbText &#8211; intro\u00a0\u00bb _builder_version=\u00a0\u00bb4.22.2&Prime; _module_preset=\u00a0\u00bbdefault\u00a0\u00bb global_colors_info=\u00a0\u00bb{}\u00a0\u00bb]<\/p>\n<p>Alors que 2024 est derri\u00e8re nous, l&rsquo;\u00e9quipe des ventes et du marketing de La Verrerie Walker s&rsquo;est r\u00e9unie pour r\u00e9fl\u00e9chir \u00e0 l\u2019ann\u00e9e qui vient de se terminer, ann\u00e9e se d\u00e9finissant par la r\u00e9silience, la croissance et l&rsquo;innovation. Il y a eu des partenariats strat\u00e9giques ainsi que des avanc\u00e9es en mati\u00e8re de d\u00e9veloppement durable qui ont pav\u00e9 la voie \u00e0 une ann\u00e9e 2025 prometteuse. Voici quelques faits marquants des diff\u00e9rents membres de l\u2019\u00e9quipe Walker et un aper\u00e7u des aspirations pour l&rsquo;avenir.<\/p>\n<p>[\/et_pb_text][et_pb_text admin_label=\u00a0\u00bbText &#8211; highlights\u00a0\u00bb _builder_version=\u00a0\u00bb4.22.2&Prime; _module_preset=\u00a0\u00bbdefault\u00a0\u00bb custom_margin=\u00a0\u00bb45px||||false|false\u00a0\u00bb hover_enabled=\u00a0\u00bb0&Prime; global_colors_info=\u00a0\u00bb{}\u00a0\u00bb sticky_enabled=\u00a0\u00bb0&Prime;]<\/p>\n<h2>Faits marquants de 2024<\/h2>\n<p>La Verrerie Walker a commenc\u00e9 l&rsquo;ann\u00e9e 2024 en force, annon\u00e7ant l&rsquo;acquisition de <a target=\"_blank\" href=\"https:\/\/dreamwalls.com\/gardner-glass\/\" rel=\"noopener\">Gardner Glass<\/a> par l&rsquo;interm\u00e9diaire de son actionnaire majoritaire, Ironbridge Equity Partners. Cette d\u00e9cision strat\u00e9gique a marqu\u00e9 une \u00e9tape importante pour La Verrerie Walker et Gardner, permettant aux deux entreprises de tirer parti de leurs forces respectives et de favoriser une croissance strat\u00e9gique \u00e0 long terme.<\/p>\n<p><a target=\"_blank\" href=\"https:\/\/www.walkerglass.com\/fr\/nouvelle\/walker-ajoute-un-nouveau-talent-a-son-equipe-des-ventes-et-darchitecture\/\" rel=\"noopener\">L&rsquo;arriv\u00e9e du nouveau repr\u00e9sentant Bobby Chestnut<\/a> dans l&rsquo;\u00e9quipe des ventes a apport\u00e9 une nouvelle \u00e9nergie et plus d\u2019expertise. Il y a \u00e9galement eu le portail client en ligne de Walker, <a target=\"_blank\" href=\"https:\/\/weconnect.walkerglass.com\/login\" rel=\"noopener\">WConnecte<\/a>. Cette plateforme a \u00e9t\u00e9 introduite comme un outil de grande valeur. L&rsquo;\u00e9quipe du service \u00e0 la client\u00e8le a re\u00e7u des \u00e9loges bien m\u00e9rit\u00e9s pour avoir cr\u00e9\u00e9 une plateforme qui simplifie les interactions avec les clients et am\u00e9liore la qualit\u00e9 du service.<\/p>\n<p>[\/et_pb_text][\/et_pb_column][\/et_pb_row][et_pb_row admin_label=\u00a0\u00bbRow &#8211; Question 1&Prime; _builder_version=\u00a0\u00bb4.22.2&Prime; _module_preset=\u00a0\u00bbdefault\u00a0\u00bb global_colors_info=\u00a0\u00bb{}\u00a0\u00bb][et_pb_column type=\u00a0\u00bb4_4&Prime; _builder_version=\u00a0\u00bb4.22.2&Prime; _module_preset=\u00a0\u00bbdefault\u00a0\u00bb global_colors_info=\u00a0\u00bb{}\u00a0\u00bb][et_pb_text admin_label=\u00a0\u00bbText &#8211; new challenges\u00a0\u00bb _builder_version=\u00a0\u00bb4.22.2&Prime; _module_preset=\u00a0\u00bbdefault\u00a0\u00bb custom_margin=\u00a0\u00bb||||false|false\u00a0\u00bb global_colors_info=\u00a0\u00bb{}\u00a0\u00bb]<\/p>\n<h2>Nouvelles exp\u00e9riences et d\u00e9fis<\/h2>\n<p>2024 a \u00e9t\u00e9 une ann\u00e9e remplie de nouvelles exp\u00e9riences et de d\u00e9fis. Le service \u00e0 la client\u00e8le et l\u2019\u00e9quipe de ventes ont pour leur part d\u00fb s\u2019adapter aux diff\u00e9rents besoins des clients et des particularit\u00e9s des diff\u00e9rents territoires. Pendant ce temps, l\u2019\u00e9quipe du marketing a tourn\u00e9 son attention vers les questions touchant l\u2019environnement, les nombreux documents li\u00e9s \u00e0 la transparence et bien entendu \u00e0 l\u2019empreinte carbone. Beaucoup de gens de diff\u00e9rents secteurs ont \u00e9t\u00e9 sond\u00e9s afin de bien saisir les besoins actuels et \u00e0 venir.<\/p>\n<p>[\/et_pb_text][et_pb_testimonial author=\u00a0\u00bbAbdellah Barkallil\u00a0\u00bb job_title=\u00a0\u00bbRepr\u00e9sentant des ventes, Nouvelle-Angleterre\u00a0\u00bb portrait_url=\u00a0\u00bbhttps:\/\/www.walkerglass.com\/wp-content\/uploads\/2022\/02\/abdellah.png\u00a0\u00bb quote_icon=\u00a0\u00bboff\u00a0\u00bb admin_label=\u00a0\u00bbTestimonial &#8211; Abdellah Q1&Prime; _builder_version=\u00a0\u00bb4.22.2&Prime; _module_preset=\u00a0\u00bbdefault\u00a0\u00bb background_color=\u00a0\u00bb#eef1f8&Prime; custom_margin=\u00a0\u00bb45px||||false|false\u00a0\u00bb global_colors_info=\u00a0\u00bb{}\u00a0\u00bb]<\/p>\n<p>\u00ab L&rsquo;ann\u00e9e 2024 a \u00e9t\u00e9 une ann\u00e9e remplie de d\u00e9fis. J&rsquo;ai appris que le plus important, c&rsquo;est d&rsquo;\u00eatre \u00e0 l&rsquo;\u00e9coute de mes clients afin de pouvoir bien s\u00fbr les aider mais surtout de pouvoir saisir des opportunit\u00e9s qui peuvent se manifester.\u00a0\u00bb<\/p>\n<p>[\/et_pb_testimonial][et_pb_testimonial author=\u00a0\u00bbDanik Dancause\u00a0\u00bb job_title=\u00a0\u00bbDirecteur des op\u00e9rations marketing\u00a0\u00bb portrait_url=\u00a0\u00bbhttps:\/\/www.walkerglass.com\/wp-content\/uploads\/2023\/03\/danik-dancause.png\u00a0\u00bb quote_icon=\u00a0\u00bboff\u00a0\u00bb admin_label=\u00a0\u00bbTestimonial &#8211; Danik Q1&Prime; _builder_version=\u00a0\u00bb4.22.2&Prime; _module_preset=\u00a0\u00bbdefault\u00a0\u00bb background_color=\u00a0\u00bb#eef1f8&Prime; custom_margin=\u00a0\u00bb45px||||false|false\u00a0\u00bb global_colors_info=\u00a0\u00bb{}\u00a0\u00bb]<\/p>\n<p>\u00ab En fait, pour moi, l&rsquo;ann\u00e9e 2024, c&rsquo;est l&rsquo;ann\u00e9e de l&rsquo;environnement. C&rsquo;est au d\u00e9but de l&rsquo;ann\u00e9e que nous avons entrepris un processus pour interroger la communaut\u00e9 architecturale sur leurs besoins au niveau environnemental, le DEP, HPD\u00ae, un certificat VOP, Cradle to Cradle \u2026 Tout au long de l&rsquo;ann\u00e9e, on s&rsquo;est rendu compte que la pression ne vient pas seulement de la communaut\u00e9 architecturale, mais vient \u00e9galement de nos clients. Probablement que nos clients re\u00e7oivent la demande de leurs clients. Tout ce qui touche l&rsquo;environnement est beaucoup plus pr\u00e9sent que je ne l&rsquo;avais imagin\u00e9.\u00a0\u00bb<\/p>\n<p>[\/et_pb_testimonial][\/et_pb_column][\/et_pb_row][et_pb_row admin_label=\u00a0\u00bbRow &#8211; Question 2&Prime; _builder_version=\u00a0\u00bb4.22.2&Prime; _module_preset=\u00a0\u00bbdefault\u00a0\u00bb global_colors_info=\u00a0\u00bb{}\u00a0\u00bb][et_pb_column type=\u00a0\u00bb4_4&Prime; _builder_version=\u00a0\u00bb4.22.2&Prime; _module_preset=\u00a0\u00bbdefault\u00a0\u00bb global_colors_info=\u00a0\u00bb{}\u00a0\u00bb][et_pb_text admin_label=\u00a0\u00bbText &#8211; takeaways\u00a0\u00bb _builder_version=\u00a0\u00bb4.22.2&Prime; _module_preset=\u00a0\u00bbdefault\u00a0\u00bb custom_margin=\u00a0\u00bb||||false|false\u00a0\u00bb global_colors_info=\u00a0\u00bb{}\u00a0\u00bb]<\/p>\n<h2>De quoi nous sommes les plus fiers en 2024<\/h2>\n<p>Parmi les accomplissements en 2024, il y en a deux qui sont en haut de la liste. Pour l&rsquo;\u00e9quipe du service \u00e0 la client\u00e8le, c&rsquo;est la r\u00e9duction des d\u00e9lais, et c\u2019est gr\u00e2ce \u00e0 une collaboration fluide entre les \u00e9quipes et avec une volont\u00e9 commune de bien servir nos clients que nous y sommes arriv\u00e9s. On ne peut passer sous le silence <a target=\"_blank\" href=\"https:\/\/www.walkerglass.com\/fr\/nouvelle\/la-verrerie-walker-lance-wconnecte-un-portail-commandes-en-ligne\/\" rel=\"noopener\">le lancement du portail WConnecte<\/a>. Cette plateforme a re\u00e7u des commentaires extr\u00eamement \u00e9logieux pour son interface ergonomique et sa facilit\u00e9 d&rsquo;utilisation, ce qui t\u00e9moigne de la r\u00e9putation de Walker en mati\u00e8re d&rsquo;innovation et de service exemplaire.\u00a0<\/p>\n<p>[\/et_pb_text][et_pb_testimonial author=\u00a0\u00bbClaudine Brun\u00a0\u00bb job_title=\u00a0\u00bbGestionnaire du service \u00e0 la client\u00e8le\u00a0\u00bb portrait_url=\u00a0\u00bbhttps:\/\/www.walkerglass.com\/wp-content\/uploads\/2024\/12\/claudine.jpg\u00a0\u00bb quote_icon=\u00a0\u00bboff\u00a0\u00bb admin_label=\u00a0\u00bbTestimonial &#8211; Claudine Q2&Prime; _builder_version=\u00a0\u00bb4.22.2&Prime; _module_preset=\u00a0\u00bbdefault\u00a0\u00bb background_color=\u00a0\u00bb#eef1f8&Prime; custom_margin=\u00a0\u00bb45px||||false|false\u00a0\u00bb global_colors_info=\u00a0\u00bb{}\u00a0\u00bb]<\/p>\n<p>\u00ab\u00a0Sans aucun doute, le nouveau portail client de Walker WConnecte. De mon c\u00f4t\u00e9, je suis vraiment heureuse d&rsquo;avoir eu l&rsquo;opportunit\u00e9 d&rsquo;\u00eatre \u00e0 la t\u00eate d&rsquo;un projet d&rsquo;envergure comme celui-l\u00e0. Quelle exp\u00e9rience cela a \u00e9t\u00e9! Apr\u00e8s une ann\u00e9e compl\u00e8te de travail bas\u00e9 sur les besoins de nos clients, on est vraiment tr\u00e8s fiers aujourd&rsquo;hui d&rsquo;offrir une plateforme intuitive, qui est simple et conviviale \u00e0\u00a0utiliser.\u00a0\u00bb<\/p>\n<p>[\/et_pb_testimonial][\/et_pb_column][\/et_pb_row][et_pb_row admin_label=\u00a0\u00bbRow &#8211; Question 3&Prime; _builder_version=\u00a0\u00bb4.22.2&Prime; _module_preset=\u00a0\u00bbdefault\u00a0\u00bb global_colors_info=\u00a0\u00bb{}\u00a0\u00bb][et_pb_column type=\u00a0\u00bb4_4&Prime; _builder_version=\u00a0\u00bb4.22.2&Prime; _module_preset=\u00a0\u00bbdefault\u00a0\u00bb global_colors_info=\u00a0\u00bb{}\u00a0\u00bb][et_pb_text admin_label=\u00a0\u00bbText &#8211; looking ahead\u00a0\u00bb _builder_version=\u00a0\u00bb4.22.2&Prime; _module_preset=\u00a0\u00bbdefault\u00a0\u00bb custom_margin=\u00a0\u00bb||||false|false\u00a0\u00bb global_colors_info=\u00a0\u00bb{}\u00a0\u00bb]<\/p>\n<h2>Que nous r\u00e9serve 2025<\/h2>\n<p>En se projetant vers le futur, l&rsquo;\u00e9quipe a exprim\u00e9 son enthousiasme pour ce qui est \u00e0 venir en 2025. Qu&rsquo;il s&rsquo;agisse de la croissance et des d\u00e9fis \u00e0 relever c\u2019est avec anticipation que l\u2019\u00e9quipe Walker entame l\u2019ann\u00e9e mais surtout en travaillant en collaboration avec nos partenaires de l&rsquo;industrie. Comme par le pass\u00e9, nous sommes pr\u00eats \u00e0 poursuivre nos engagements d&rsquo;excellence et d&rsquo;innovation.<\/p>\n<p>[\/et_pb_text][et_pb_testimonial author=\u00a0\u00bbCharles Alexander\u00a0\u00bb job_title=\u00a0\u00bbVice-pr\u00e9sident ventes et marketing\u00a0\u00bb portrait_url=\u00a0\u00bbhttps:\/\/www.walkerglass.com\/wp-content\/uploads\/2019\/04\/charles-alexander.png\u00a0\u00bb quote_icon=\u00a0\u00bboff\u00a0\u00bb admin_label=\u00a0\u00bbTestimonial &#8211; Charles Q3&Prime; _builder_version=\u00a0\u00bb4.22.2&Prime; _module_preset=\u00a0\u00bbdefault\u00a0\u00bb background_color=\u00a0\u00bb#eef1f8&Prime; custom_margin=\u00a0\u00bb45px||||false|false\u00a0\u00bb global_colors_info=\u00a0\u00bb{}\u00a0\u00bb]<\/p>\n<p>\u00ab J\u2019ai h\u00e2te \u00e0 2025! Le consensus est que les conditions du march\u00e9 vont s&rsquo;am\u00e9liorer au cours de l&rsquo;ann\u00e9e, et j&rsquo;y crois. Chez Walker, nos projets n&rsquo;ont pas chang\u00e9 : nous poursuivons nos plans de croissance. En effet, nous avons des nouvelles tr\u00e8s excitantes \u00e0 vous annoncer pour la nouvelle ann\u00e9e. Restez \u00e0 l&rsquo;\u00e9coute!\u00a0\u00bb<\/p>\n<p>[\/et_pb_testimonial][et_pb_testimonial author=\u00a0\u00bbMarc Deschamps\u00a0\u00bb job_title=\u00a0\u00bbDirecteur des produits et d\u00e9veloppement des affaires\u00a0\u00bb portrait_url=\u00a0\u00bbhttps:\/\/www.walkerglass.com\/wp-content\/uploads\/2023\/03\/marc.png\u00a0\u00bb quote_icon=\u00a0\u00bboff\u00a0\u00bb admin_label=\u00a0\u00bbTestimonial &#8211; Marc Q3&Prime; _builder_version=\u00a0\u00bb4.22.2&Prime; _module_preset=\u00a0\u00bbdefault\u00a0\u00bb background_color=\u00a0\u00bb#eef1f8&Prime; custom_margin=\u00a0\u00bb45px||||false|false\u00a0\u00bb global_colors_info=\u00a0\u00bb{}\u00a0\u00bb]<\/p>\n<p>\u00ab Nous sommes dans une situation o\u00f9 le march\u00e9 est plus au ralenti. Il ne faut surtout pas baisser la garde en mati\u00e8re de d\u00e9veloppement de produits, de nouveaux processus, de plans d&rsquo;expansion, parce que justement, on veut se positionner de fa\u00e7on \u00e0 pouvoir maximiser les avantages lorsque le march\u00e9 reprendra de la vigueur. Je crois qu&rsquo;on a\u00a0 vraiment fait un bon travail d&rsquo;ajustements et de structuration de notre \u00e9quipe pour bien se positionner et faire face \u00e0 la reprise du march\u00e9.\u00a0\u00bb<\/p>\n<p>[\/et_pb_testimonial][\/et_pb_column][\/et_pb_row][\/et_pb_section]<\/p>\n","protected":false},"excerpt":{"rendered":"<p>Alors que 2024 est derri\u00e8re nous, l&rsquo;\u00e9quipe des ventes et du marketing de La Verrerie Walker s&rsquo;est r\u00e9unie pour r\u00e9fl\u00e9chir \u00e0 l\u2019ann\u00e9e qui vient de se terminer, ann\u00e9e se d\u00e9finissant par la r\u00e9silience, la croissance et l&rsquo;innovation. Il y a eu des partenariats strat\u00e9giques ainsi que des avanc\u00e9es en mati\u00e8re de d\u00e9veloppement durable qui ont [&hellip;]<\/p>\n","protected":false},"author":10,"featured_media":29475,"comment_status":"closed","ping_status":"closed","sticky":false,"template":"","format":"standard","meta":{"_acf_changed":false,"_et_pb_use_builder":"on","_et_pb_old_content":"<p>[et_pb_section fb_built=\"1\" _builder_version=\"4.22.2\" _module_preset=\"default\" width=\"100%\" global_colors_info=\"{}\"][et_pb_row _builder_version=\"4.22.2\" _module_preset=\"default\" global_colors_info=\"{}\"][et_pb_column type=\"4_4\" _builder_version=\"4.22.2\" _module_preset=\"default\" global_colors_info=\"{}\"][et_pb_text admin_label=\"Text - intro\" _builder_version=\"4.22.2\" _module_preset=\"default\" global_colors_info=\"{}\"]<\/p>\r\n<p>As 2024 came to a close, the Walker Glass Sales and Marketing team gathered to reflect on a year defined by resilience, growth, and innovation. From strategic partnerships to advancements in sustainability, the past year has set the stage for a promising 2025. Here are some highlights from their experiences and a glimpse into their aspirations for the\u00a0future.<\/p>\r\n<p>[\/et_pb_text][et_pb_text admin_label=\"Text - highlights\" _builder_version=\"4.22.2\" _module_preset=\"default\" custom_margin=\"45px||||false|false\" hover_enabled=\"0\" global_colors_info=\"{}\" sticky_enabled=\"0\"]<\/p>\r\n<h2>2024 Highlights<\/h2>\r\n<p>Walker Glass began 2024 with a bang, announcing its merger with <a target=\"_blank\" href=\"https:\/\/dreamwalls.com\/gardner-glass\/\" rel=\"noopener\">Gardner Glass<\/a>. This partnership marked a significant milestone, enabling both companies to pool our strengths and drive long-term growth. Despite facing economic headwinds, we continued to invest in our processes and staff to prepare for the demands of the future.<\/p>\r\n<p><a target=\"_blank\" href=\"https:\/\/www.walkerglass.com\/news\/walker-glass-adds-new-talent-to-its-sales-and-architectural-team\/\" rel=\"noopener\">The addition of Bobby Chestnut<\/a> to the roster of Sales Representatives in June brought fresh energy and expertise. Later in the year, Walker\u2019s online customer portal, <a target=\"_blank\" href=\"https:\/\/weconnect.walkerglass.com\/login\" rel=\"noopener\">WeConnect<\/a>, was introduced and celebrated as a game-changer. The Customer Service team received well-deserved praise for creating a platform that simplifies customer interactions and improves service quality.<\/p>\r\n<p>[\/et_pb_text][\/et_pb_column][\/et_pb_row][et_pb_row admin_label=\"Row - Question 1\" _builder_version=\"4.22.2\" _module_preset=\"default\" global_colors_info=\"{}\"][et_pb_column type=\"4_4\" _builder_version=\"4.22.2\" _module_preset=\"default\" global_colors_info=\"{}\"][et_pb_text admin_label=\"Text - new challenges\" _builder_version=\"4.22.2\" _module_preset=\"default\" custom_margin=\"||||false|false\" global_colors_info=\"{}\"]<\/p>\r\n<h2>New Experiences and Challenges<\/h2>\r\n<p>The team\u2019s reflections revealed the varied learning curves they tackled in 2024. Customer Service and Sales team members expanded their expertise by stepping into new territories, meeting market challenges, and gaining valuable insights into customer preferences across regions. The Marketing team dove deep into the complexities of sustainability, transforming their understanding of transparency, carbon footprints, and other key concepts through extensive research and dialogue with industry experts.<\/p>\r\n<p>[\/et_pb_text][et_pb_testimonial author=\"Bobby Chestnut\" job_title=\" Sales Representative, US Central and National Accounts\" portrait_url=\"https:\/\/www.walkerglass.com\/wp-content\/uploads\/2024\/06\/bobby.png\" quote_icon=\"off\" admin_label=\"Testimonial - Bobby Q1\" _builder_version=\"4.22.2\" _module_preset=\"default\" background_color=\"#eef1f8\" custom_margin=\"45px||||false|false\" global_colors_info=\"{}\"]<\/p>\r\n<p>\u201cWhat's been a challenge for me, hands down, is everything. I started with Walker Glass in June of 2024, so I have about six months of experience with the business. The challenge is, for sure, learning the products, but more so learning the customers and their needs.\u201d<\/p>\r\n<p>[\/et_pb_testimonial][et_pb_testimonial author=\"Marion Pynn\" job_title=\"Marketing Content Strategist\" portrait_url=\"https:\/\/www.walkerglass.com\/wp-content\/uploads\/2021\/01\/marion-pynn-circle-2.png\" quote_icon=\"off\" admin_label=\"Testimonial - Marion Q1\" _builder_version=\"4.22.2\" _module_preset=\"default\" background_color=\"#eef1f8\" custom_margin=\"45px||||false|false\" hover_enabled=\"0\" global_colors_info=\"{}\" sticky_enabled=\"0\"]<\/p>\r\n<p>\u201cAfter talking to experts and architects, surveying architectural firms, and a <em>lot <\/em>of reading, I can honestly say that my understanding of sustainability concepts like transparency, carbon, human rights, and chemical content is completely different from what it was twelve months ago.\u201d<\/p>\r\n<p>[\/et_pb_testimonial][\/et_pb_column][\/et_pb_row][et_pb_row admin_label=\"Row - Question 2\" _builder_version=\"4.22.2\" _module_preset=\"default\" global_colors_info=\"{}\"][et_pb_column type=\"4_4\" _builder_version=\"4.22.2\" _module_preset=\"default\" global_colors_info=\"{}\"][et_pb_text admin_label=\"Text - takeaways\" _builder_version=\"4.22.2\" _module_preset=\"default\" custom_margin=\"||||false|false\" hover_enabled=\"0\" global_colors_info=\"{}\" sticky_enabled=\"0\"]<\/p>\r\n<h2>Our Takeaways from 2024<\/h2>\r\n<p>Team members took pride in several accomplishments from the past year. The Customer Service team highlighted reduced lead times, thanks to seamless cross-team collaboration and a shared dedication to serving clients more efficiently. Additionally, <a target=\"_blank\" href=\"https:\/\/www.walkerglass.com\/news\/walker-glass-launches-its-online-customer-portal-weconnect\/\" rel=\"noopener\">the launch of the WeConnect portal<\/a> received overwhelmingly positive feedback for its customer-friendly interface and ease of use, solidifying Walker\u2019s reputation for innovation and\u00a0exemplary\u00a0service.<\/p>\r\n<p>[\/et_pb_text][et_pb_testimonial author=\"Vito Ventulieri\" job_title=\"Customer Business Partner\" portrait_url=\"https:\/\/www.walkerglass.com\/wp-content\/uploads\/2024\/08\/vito-ventulieri-01-thumbnail.png\" quote_icon=\"off\" admin_label=\"Testimonial - Vito Q2\" _builder_version=\"4.22.2\" _module_preset=\"default\" background_color=\"#eef1f8\" custom_margin=\"45px||||false|false\" global_colors_info=\"{}\"]<\/p>\r\n<p>\u201cI\u2019m very proud of Walker for the work it put into our customer portal, WeConnect. We\u2019ve been hearing great things from our customers about how easy it is to use, and how customer friendly it is. They're just so happy.\u201d<\/p>\r\n<p>[\/et_pb_testimonial][\/et_pb_column][\/et_pb_row][et_pb_row admin_label=\"Row - Question 3\" _builder_version=\"4.22.2\" _module_preset=\"default\" global_colors_info=\"{}\"][et_pb_column type=\"4_4\" _builder_version=\"4.22.2\" _module_preset=\"default\" global_colors_info=\"{}\"][et_pb_text admin_label=\"Text - looking ahead\" _builder_version=\"4.22.2\" _module_preset=\"default\" custom_margin=\"||||false|false\" global_colors_info=\"{}\"]<\/p>\r\n<h2>Looking Ahead to 2025<\/h2>\r\n<p>The team expressed excitement about what\u2019s to come, whether that was the thrill of growth and tackling challenges with innovative approaches, or the excitement of collaborating with new industry partners. As Walker celebrates over 80 years in business, we are poised to build on its legacy of excellence and innovation.<\/p>\r\n<p>[\/et_pb_text][et_pb_testimonial author=\"Charles Alexander\" job_title=\"Vice-President of Sales and Marketing\" portrait_url=\"https:\/\/www.walkerglass.com\/wp-content\/uploads\/2019\/04\/charles-alexander.png\" quote_icon=\"off\" admin_label=\"Testimonial - Charles Q3\" _builder_version=\"4.22.2\" _module_preset=\"default\" background_color=\"#eef1f8\" custom_margin=\"45px||||false|false\" global_colors_info=\"{}\"]<\/p>\r\n<p>\u201cI am tremendously proud of our team for holding our own and forging ahead in 2024, and I can\u2019t wait for 2025! The consensus is that market conditions will improve over the year, and I believe that. Here at Walker, our plans haven\u2019t changed \u2013 onward and upward!\u201d<\/p>\r\n<p>[\/et_pb_testimonial][et_pb_testimonial author=\"Matthew Christie\" job_title=\"Architectural Manager and Sales Representative, Ontario (except Ottawa) and Western Canada\" portrait_url=\"https:\/\/www.walkerglass.com\/wp-content\/uploads\/2024\/04\/reps-2023-matthew.png\" quote_icon=\"off\" admin_label=\"Testimonial - Matt Q3\" _builder_version=\"4.22.2\" _module_preset=\"default\" background_color=\"#eef1f8\" custom_margin=\"45px||||false|false\" global_colors_info=\"{}\"]<\/p>\r\n<p>\u201cI think 2025 will be a year of collaboration for Walker. We've been around for over 80 years, and I don't think there's ever been a time when we've had more partnerships, more consolidation opportunities, or more new products that we're putting out into the market.\u201d<\/p>\r\n<p>[\/et_pb_testimonial][\/et_pb_column][\/et_pb_row][\/et_pb_section]<\/p>","_et_gb_content_width":"","footnotes":""},"articles-subject":[],"class_list":["post-29486","post","type-post","status-publish","format-standard","has-post-thumbnail","hentry"],"acf":[],"yoast_head":"<!-- This site is optimized with the Yoast SEO plugin v27.5 - https:\/\/yoast.com\/product\/yoast-seo-wordpress\/ -->\n<title>L&#039;\u00e9quipe des ventes et du marketing de La Verrerie Walker fait le bilan de 2024 et se tourne vers 2025 | Verrerie Walker<\/title>\n<meta name=\"description\" content=\"L&#039;\u00e9quipe des ventes et du marketing de La Verrerie Walker s&#039;est r\u00e9unie pour r\u00e9fl\u00e9chir \u00e0 l\u2019ann\u00e9e qui vient de se terminer.\" \/>\n<meta name=\"robots\" content=\"index, follow, max-snippet:-1, max-image-preview:large, max-video-preview:-1\" \/>\n<link rel=\"canonical\" href=\"https:\/\/www.walkerglass.com\/fr\/blogue\/2024-2025\/\" \/>\n<meta property=\"og:locale\" content=\"fr_FR\" \/>\n<meta property=\"og:type\" content=\"article\" \/>\n<meta property=\"og:title\" content=\"L&#039;\u00e9quipe des ventes et du marketing de La Verrerie Walker fait le bilan de 2024 et se tourne vers 2025 | Verrerie Walker\" \/>\n<meta property=\"og:description\" content=\"L&#039;\u00e9quipe des ventes et du marketing de La Verrerie Walker s&#039;est r\u00e9unie pour r\u00e9fl\u00e9chir \u00e0 l\u2019ann\u00e9e qui vient de se terminer.\" \/>\n<meta property=\"og:url\" content=\"https:\/\/www.walkerglass.com\/fr\/blogue\/2024-2025\/\" \/>\n<meta property=\"og:site_name\" content=\"Verrerie Walker\" \/>\n<meta property=\"article:publisher\" content=\"https:\/\/www.facebook.com\/WalkerGlassCo\/\" \/>\n<meta property=\"article:published_time\" content=\"2025-01-15T21:06:06+00:00\" \/>\n<meta property=\"article:modified_time\" content=\"2025-01-21T16:25:20+00:00\" \/>\n<meta property=\"og:image\" content=\"https:\/\/www.walkerglass.com\/wp-content\/uploads\/2025\/01\/cover-01-fr-1280x720-1.jpg\" \/>\n\t<meta property=\"og:image:width\" content=\"1280\" \/>\n\t<meta property=\"og:image:height\" content=\"720\" \/>\n\t<meta property=\"og:image:type\" content=\"image\/jpeg\" \/>\n<meta name=\"author\" content=\"Marion Pynn\" \/>\n<meta name=\"twitter:card\" content=\"summary_large_image\" \/>\n<meta name=\"twitter:creator\" content=\"@WalkerTextures\" \/>\n<meta name=\"twitter:site\" content=\"@WalkerTextures\" \/>\n<meta name=\"twitter:label1\" content=\"\u00c9crit par\" \/>\n\t<meta name=\"twitter:data1\" content=\"Marion Pynn\" \/>\n\t<meta name=\"twitter:label2\" content=\"Dur\u00e9e de lecture estim\u00e9e\" \/>\n\t<meta name=\"twitter:data2\" content=\"4 minutes\" \/>\n<script type=\"application\/ld+json\" class=\"yoast-schema-graph\">{\"@context\":\"https:\\\/\\\/schema.org\",\"@graph\":[{\"@type\":\"Article\",\"@id\":\"https:\\\/\\\/www.walkerglass.com\\\/fr\\\/blogue\\\/2024-2025\\\/#article\",\"isPartOf\":{\"@id\":\"https:\\\/\\\/www.walkerglass.com\\\/fr\\\/blogue\\\/2024-2025\\\/\"},\"author\":{\"name\":\"Marion Pynn\",\"@id\":\"https:\\\/\\\/www.walkerglass.com\\\/#\\\/schema\\\/person\\\/26cf80810c4d1bf6147f748d8edb00f6\"},\"headline\":\"L&rsquo;\u00e9quipe des ventes et du marketing de La Verrerie Walker fait le bilan de 2024 et se tourne vers 2025\",\"datePublished\":\"2025-01-15T21:06:06+00:00\",\"dateModified\":\"2025-01-21T16:25:20+00:00\",\"mainEntityOfPage\":{\"@id\":\"https:\\\/\\\/www.walkerglass.com\\\/fr\\\/blogue\\\/2024-2025\\\/\"},\"wordCount\":1421,\"publisher\":{\"@id\":\"https:\\\/\\\/www.walkerglass.com\\\/#organization\"},\"image\":{\"@id\":\"https:\\\/\\\/www.walkerglass.com\\\/fr\\\/blogue\\\/2024-2025\\\/#primaryimage\"},\"thumbnailUrl\":\"https:\\\/\\\/www.walkerglass.com\\\/wp-content\\\/uploads\\\/2025\\\/01\\\/cover-01-fr-1280x720-1.jpg\",\"inLanguage\":\"fr-FR\"},{\"@type\":\"WebPage\",\"@id\":\"https:\\\/\\\/www.walkerglass.com\\\/fr\\\/blogue\\\/2024-2025\\\/\",\"url\":\"https:\\\/\\\/www.walkerglass.com\\\/fr\\\/blogue\\\/2024-2025\\\/\",\"name\":\"L'\u00e9quipe des ventes et du marketing de La Verrerie Walker fait le bilan de 2024 et se tourne vers 2025 | Verrerie Walker\",\"isPartOf\":{\"@id\":\"https:\\\/\\\/www.walkerglass.com\\\/#website\"},\"primaryImageOfPage\":{\"@id\":\"https:\\\/\\\/www.walkerglass.com\\\/fr\\\/blogue\\\/2024-2025\\\/#primaryimage\"},\"image\":{\"@id\":\"https:\\\/\\\/www.walkerglass.com\\\/fr\\\/blogue\\\/2024-2025\\\/#primaryimage\"},\"thumbnailUrl\":\"https:\\\/\\\/www.walkerglass.com\\\/wp-content\\\/uploads\\\/2025\\\/01\\\/cover-01-fr-1280x720-1.jpg\",\"datePublished\":\"2025-01-15T21:06:06+00:00\",\"dateModified\":\"2025-01-21T16:25:20+00:00\",\"description\":\"L'\u00e9quipe des ventes et du marketing de La Verrerie Walker s'est r\u00e9unie pour r\u00e9fl\u00e9chir \u00e0 l\u2019ann\u00e9e qui vient de se terminer.\",\"breadcrumb\":{\"@id\":\"https:\\\/\\\/www.walkerglass.com\\\/fr\\\/blogue\\\/2024-2025\\\/#breadcrumb\"},\"inLanguage\":\"fr-FR\",\"potentialAction\":[{\"@type\":\"ReadAction\",\"target\":[\"https:\\\/\\\/www.walkerglass.com\\\/fr\\\/blogue\\\/2024-2025\\\/\"]}]},{\"@type\":\"ImageObject\",\"inLanguage\":\"fr-FR\",\"@id\":\"https:\\\/\\\/www.walkerglass.com\\\/fr\\\/blogue\\\/2024-2025\\\/#primaryimage\",\"url\":\"https:\\\/\\\/www.walkerglass.com\\\/wp-content\\\/uploads\\\/2025\\\/01\\\/cover-01-fr-1280x720-1.jpg\",\"contentUrl\":\"https:\\\/\\\/www.walkerglass.com\\\/wp-content\\\/uploads\\\/2025\\\/01\\\/cover-01-fr-1280x720-1.jpg\",\"width\":1280,\"height\":720,\"caption\":\"L'\u00e9quipe des ventes et du marketing de La Verrerie Walker\"},{\"@type\":\"BreadcrumbList\",\"@id\":\"https:\\\/\\\/www.walkerglass.com\\\/fr\\\/blogue\\\/2024-2025\\\/#breadcrumb\",\"itemListElement\":[{\"@type\":\"ListItem\",\"position\":1,\"name\":\"Accueil\"},{\"@type\":\"ListItem\",\"position\":2,\"name\":\"L&#8217;\u00e9quipe des ventes et du marketing de La Verrerie Walker fait le bilan de 2024 et se tourne vers 2025\"}]},{\"@type\":\"WebSite\",\"@id\":\"https:\\\/\\\/www.walkerglass.com\\\/#website\",\"url\":\"https:\\\/\\\/www.walkerglass.com\\\/\",\"name\":\"Verrerie Walker\",\"description\":\"\",\"publisher\":{\"@id\":\"https:\\\/\\\/www.walkerglass.com\\\/#organization\"},\"potentialAction\":[{\"@type\":\"SearchAction\",\"target\":{\"@type\":\"EntryPoint\",\"urlTemplate\":\"https:\\\/\\\/www.walkerglass.com\\\/?s={search_term_string}\"},\"query-input\":{\"@type\":\"PropertyValueSpecification\",\"valueRequired\":true,\"valueName\":\"search_term_string\"}}],\"inLanguage\":\"fr-FR\"},{\"@type\":\"Organization\",\"@id\":\"https:\\\/\\\/www.walkerglass.com\\\/#organization\",\"name\":\"Verrerie Walker\",\"url\":\"https:\\\/\\\/www.walkerglass.com\\\/\",\"logo\":{\"@type\":\"ImageObject\",\"inLanguage\":\"fr-FR\",\"@id\":\"https:\\\/\\\/www.walkerglass.com\\\/#\\\/schema\\\/logo\\\/image\\\/\",\"url\":\"https:\\\/\\\/www.walkerglass.com\\\/wp-content\\\/uploads\\\/2021\\\/03\\\/logo-walker-noir-1.png\",\"contentUrl\":\"https:\\\/\\\/www.walkerglass.com\\\/wp-content\\\/uploads\\\/2021\\\/03\\\/logo-walker-noir-1.png\",\"width\":2048,\"height\":282,\"caption\":\"Verrerie Walker\"},\"image\":{\"@id\":\"https:\\\/\\\/www.walkerglass.com\\\/#\\\/schema\\\/logo\\\/image\\\/\"},\"sameAs\":[\"https:\\\/\\\/www.facebook.com\\\/WalkerGlassCo\\\/\",\"https:\\\/\\\/x.com\\\/WalkerTextures\",\"https:\\\/\\\/www.instagram.com\\\/walkerglassco\\\/\",\"https:\\\/\\\/ca.linkedin.com\\\/company\\\/walker-glass\",\"https:\\\/\\\/www.youtube.com\\\/user\\\/WalkerGlassTextures\"]},{\"@type\":\"Person\",\"@id\":\"https:\\\/\\\/www.walkerglass.com\\\/#\\\/schema\\\/person\\\/26cf80810c4d1bf6147f748d8edb00f6\",\"name\":\"Marion Pynn\",\"image\":{\"@type\":\"ImageObject\",\"inLanguage\":\"fr-FR\",\"@id\":\"https:\\\/\\\/secure.gravatar.com\\\/avatar\\\/34e0583a50c630c9c99896920f0e67098455066f52517e3ff1b9b3de1785191b?s=96&d=mm&r=g\",\"url\":\"https:\\\/\\\/secure.gravatar.com\\\/avatar\\\/34e0583a50c630c9c99896920f0e67098455066f52517e3ff1b9b3de1785191b?s=96&d=mm&r=g\",\"contentUrl\":\"https:\\\/\\\/secure.gravatar.com\\\/avatar\\\/34e0583a50c630c9c99896920f0e67098455066f52517e3ff1b9b3de1785191b?s=96&d=mm&r=g\",\"caption\":\"Marion Pynn\"},\"url\":\"https:\\\/\\\/www.walkerglass.com\\\/fr\\\/author\\\/marion\\\/\"}]}<\/script>\n<!-- \/ Yoast SEO plugin. -->","yoast_head_json":{"title":"L'\u00e9quipe des ventes et du marketing de La Verrerie Walker fait le bilan de 2024 et se tourne vers 2025 | Verrerie Walker","description":"L'\u00e9quipe des ventes et du marketing de La Verrerie Walker s'est r\u00e9unie pour r\u00e9fl\u00e9chir \u00e0 l\u2019ann\u00e9e qui vient de se terminer.","robots":{"index":"index","follow":"follow","max-snippet":"max-snippet:-1","max-image-preview":"max-image-preview:large","max-video-preview":"max-video-preview:-1"},"canonical":"https:\/\/www.walkerglass.com\/fr\/blogue\/2024-2025\/","og_locale":"fr_FR","og_type":"article","og_title":"L'\u00e9quipe des ventes et du marketing de La Verrerie Walker fait le bilan de 2024 et se tourne vers 2025 | Verrerie Walker","og_description":"L'\u00e9quipe des ventes et du marketing de La Verrerie Walker s'est r\u00e9unie pour r\u00e9fl\u00e9chir \u00e0 l\u2019ann\u00e9e qui vient de se terminer.","og_url":"https:\/\/www.walkerglass.com\/fr\/blogue\/2024-2025\/","og_site_name":"Verrerie Walker","article_publisher":"https:\/\/www.facebook.com\/WalkerGlassCo\/","article_published_time":"2025-01-15T21:06:06+00:00","article_modified_time":"2025-01-21T16:25:20+00:00","og_image":[{"width":1280,"height":720,"url":"https:\/\/www.walkerglass.com\/wp-content\/uploads\/2025\/01\/cover-01-fr-1280x720-1.jpg","type":"image\/jpeg"}],"author":"Marion Pynn","twitter_card":"summary_large_image","twitter_creator":"@WalkerTextures","twitter_site":"@WalkerTextures","twitter_misc":{"\u00c9crit par":"Marion Pynn","Dur\u00e9e de lecture estim\u00e9e":"4 minutes"},"schema":{"@context":"https:\/\/schema.org","@graph":[{"@type":"Article","@id":"https:\/\/www.walkerglass.com\/fr\/blogue\/2024-2025\/#article","isPartOf":{"@id":"https:\/\/www.walkerglass.com\/fr\/blogue\/2024-2025\/"},"author":{"name":"Marion Pynn","@id":"https:\/\/www.walkerglass.com\/#\/schema\/person\/26cf80810c4d1bf6147f748d8edb00f6"},"headline":"L&rsquo;\u00e9quipe des ventes et du marketing de La Verrerie Walker fait le bilan de 2024 et se tourne vers 2025","datePublished":"2025-01-15T21:06:06+00:00","dateModified":"2025-01-21T16:25:20+00:00","mainEntityOfPage":{"@id":"https:\/\/www.walkerglass.com\/fr\/blogue\/2024-2025\/"},"wordCount":1421,"publisher":{"@id":"https:\/\/www.walkerglass.com\/#organization"},"image":{"@id":"https:\/\/www.walkerglass.com\/fr\/blogue\/2024-2025\/#primaryimage"},"thumbnailUrl":"https:\/\/www.walkerglass.com\/wp-content\/uploads\/2025\/01\/cover-01-fr-1280x720-1.jpg","inLanguage":"fr-FR"},{"@type":"WebPage","@id":"https:\/\/www.walkerglass.com\/fr\/blogue\/2024-2025\/","url":"https:\/\/www.walkerglass.com\/fr\/blogue\/2024-2025\/","name":"L'\u00e9quipe des ventes et du marketing de La Verrerie Walker fait le bilan de 2024 et se tourne vers 2025 | Verrerie Walker","isPartOf":{"@id":"https:\/\/www.walkerglass.com\/#website"},"primaryImageOfPage":{"@id":"https:\/\/www.walkerglass.com\/fr\/blogue\/2024-2025\/#primaryimage"},"image":{"@id":"https:\/\/www.walkerglass.com\/fr\/blogue\/2024-2025\/#primaryimage"},"thumbnailUrl":"https:\/\/www.walkerglass.com\/wp-content\/uploads\/2025\/01\/cover-01-fr-1280x720-1.jpg","datePublished":"2025-01-15T21:06:06+00:00","dateModified":"2025-01-21T16:25:20+00:00","description":"L'\u00e9quipe des ventes et du marketing de La Verrerie Walker s'est r\u00e9unie pour r\u00e9fl\u00e9chir \u00e0 l\u2019ann\u00e9e qui vient de se terminer.","breadcrumb":{"@id":"https:\/\/www.walkerglass.com\/fr\/blogue\/2024-2025\/#breadcrumb"},"inLanguage":"fr-FR","potentialAction":[{"@type":"ReadAction","target":["https:\/\/www.walkerglass.com\/fr\/blogue\/2024-2025\/"]}]},{"@type":"ImageObject","inLanguage":"fr-FR","@id":"https:\/\/www.walkerglass.com\/fr\/blogue\/2024-2025\/#primaryimage","url":"https:\/\/www.walkerglass.com\/wp-content\/uploads\/2025\/01\/cover-01-fr-1280x720-1.jpg","contentUrl":"https:\/\/www.walkerglass.com\/wp-content\/uploads\/2025\/01\/cover-01-fr-1280x720-1.jpg","width":1280,"height":720,"caption":"L'\u00e9quipe des ventes et du marketing de La Verrerie Walker"},{"@type":"BreadcrumbList","@id":"https:\/\/www.walkerglass.com\/fr\/blogue\/2024-2025\/#breadcrumb","itemListElement":[{"@type":"ListItem","position":1,"name":"Accueil"},{"@type":"ListItem","position":2,"name":"L&#8217;\u00e9quipe des ventes et du marketing de La Verrerie Walker fait le bilan de 2024 et se tourne vers 2025"}]},{"@type":"WebSite","@id":"https:\/\/www.walkerglass.com\/#website","url":"https:\/\/www.walkerglass.com\/","name":"Verrerie Walker","description":"","publisher":{"@id":"https:\/\/www.walkerglass.com\/#organization"},"potentialAction":[{"@type":"SearchAction","target":{"@type":"EntryPoint","urlTemplate":"https:\/\/www.walkerglass.com\/?s={search_term_string}"},"query-input":{"@type":"PropertyValueSpecification","valueRequired":true,"valueName":"search_term_string"}}],"inLanguage":"fr-FR"},{"@type":"Organization","@id":"https:\/\/www.walkerglass.com\/#organization","name":"Verrerie Walker","url":"https:\/\/www.walkerglass.com\/","logo":{"@type":"ImageObject","inLanguage":"fr-FR","@id":"https:\/\/www.walkerglass.com\/#\/schema\/logo\/image\/","url":"https:\/\/www.walkerglass.com\/wp-content\/uploads\/2021\/03\/logo-walker-noir-1.png","contentUrl":"https:\/\/www.walkerglass.com\/wp-content\/uploads\/2021\/03\/logo-walker-noir-1.png","width":2048,"height":282,"caption":"Verrerie Walker"},"image":{"@id":"https:\/\/www.walkerglass.com\/#\/schema\/logo\/image\/"},"sameAs":["https:\/\/www.facebook.com\/WalkerGlassCo\/","https:\/\/x.com\/WalkerTextures","https:\/\/www.instagram.com\/walkerglassco\/","https:\/\/ca.linkedin.com\/company\/walker-glass","https:\/\/www.youtube.com\/user\/WalkerGlassTextures"]},{"@type":"Person","@id":"https:\/\/www.walkerglass.com\/#\/schema\/person\/26cf80810c4d1bf6147f748d8edb00f6","name":"Marion Pynn","image":{"@type":"ImageObject","inLanguage":"fr-FR","@id":"https:\/\/secure.gravatar.com\/avatar\/34e0583a50c630c9c99896920f0e67098455066f52517e3ff1b9b3de1785191b?s=96&d=mm&r=g","url":"https:\/\/secure.gravatar.com\/avatar\/34e0583a50c630c9c99896920f0e67098455066f52517e3ff1b9b3de1785191b?s=96&d=mm&r=g","contentUrl":"https:\/\/secure.gravatar.com\/avatar\/34e0583a50c630c9c99896920f0e67098455066f52517e3ff1b9b3de1785191b?s=96&d=mm&r=g","caption":"Marion Pynn"},"url":"https:\/\/www.walkerglass.com\/fr\/author\/marion\/"}]}},"_links":{"self":[{"href":"https:\/\/www.walkerglass.com\/fr\/wp-json\/wp\/v2\/posts\/29486","targetHints":{"allow":["GET"]}}],"collection":[{"href":"https:\/\/www.walkerglass.com\/fr\/wp-json\/wp\/v2\/posts"}],"about":[{"href":"https:\/\/www.walkerglass.com\/fr\/wp-json\/wp\/v2\/types\/post"}],"author":[{"embeddable":true,"href":"https:\/\/www.walkerglass.com\/fr\/wp-json\/wp\/v2\/users\/10"}],"replies":[{"embeddable":true,"href":"https:\/\/www.walkerglass.com\/fr\/wp-json\/wp\/v2\/comments?post=29486"}],"version-history":[{"count":9,"href":"https:\/\/www.walkerglass.com\/fr\/wp-json\/wp\/v2\/posts\/29486\/revisions"}],"predecessor-version":[{"id":29518,"href":"https:\/\/www.walkerglass.com\/fr\/wp-json\/wp\/v2\/posts\/29486\/revisions\/29518"}],"wp:featuredmedia":[{"embeddable":true,"href":"https:\/\/www.walkerglass.com\/fr\/wp-json\/wp\/v2\/media\/29475"}],"wp:attachment":[{"href":"https:\/\/www.walkerglass.com\/fr\/wp-json\/wp\/v2\/media?parent=29486"}],"wp:term":[{"taxonomy":"articles-subject","embeddable":true,"href":"https:\/\/www.walkerglass.com\/fr\/wp-json\/wp\/v2\/articles-subject?post=29486"}],"curies":[{"name":"wp","href":"https:\/\/api.w.org\/{rel}","templated":true}]}}